{"id":22394,"date":"2024-02-02T11:10:54","date_gmt":"2024-02-02T19:10:54","guid":{"rendered":"https:\/\/lalgbtcenter.org\/vanguard\/press-releases\/raven-symone-participara-en-el-baile-highly-favored-organizado-por-el-centro-lgbt-de-los-angeles-el-24-de-febrero-para-celebrar-el-mes-de-la-historia-negra\/"},"modified":"2024-04-10T13:08:02","modified_gmt":"2024-04-10T20:08:02","slug":"raven-symone-participara-en-el-baile-highly-favored-organizado-por-el-centro-lgbt-de-los-angeles-el-24-de-febrero-para-celebrar-el-mes-de-la-historia-negra","status":"publish","type":"press-releases","link":"https:\/\/lalgbtcenter.org\/es\/vanguard\/press-releases\/raven-symone-participara-en-el-baile-highly-favored-organizado-por-el-centro-lgbt-de-los-angeles-el-24-de-febrero-para-celebrar-el-mes-de-la-historia-negra\/","title":{"rendered":"Raven-Symon\u00e9 participar\u00e1 en el baile &#8220;Highly Favored&#8221;, organizado por el Centro LGBT de Los \u00c1ngeles el 24 de febrero para celebrar el Mes de la Historia Negra."},"content":{"rendered":"\n<h3 class=\"wp-block-heading\">Raven-Symon\u00e9 participar\u00e1 en el baile &#8220;Highly Favored&#8221;, organizado por el Centro LGBT de Los \u00c1ngeles el 24 de febrero para celebrar el Mes de la Historia Negra.<\/h3>\n\n<p class=\"has-text-align-center\"><strong>&#8211;<\/strong><br\/><em>Orgullosa lesbiana, Raven-Symon\u00e9 es un nombre muy conocido que ha protagonizado una carrera ic\u00f3nica en Hollywood como actriz, cantante, productora y directora.<\/em><br\/><strong>&#8211;<\/strong><\/p>\n\n<p><strong>LOS \u00c1NGELES, 2 de febrero de 2024-En<\/strong>conmemoraci\u00f3n del Mes de la Historia Negra, el Centro LGBT de Los \u00c1ngeles celebrar\u00e1 su programa y baile inaugural <strong>Highly Favored <\/strong>el s\u00e1bado 24 de febrero, de 18:00 a 22:00 horas, en The Village at Ed Gould Plaza, en Hollywood. La celebraci\u00f3n, que rinde homenaje a la pionera artista lesbiana <strong>Raven-Symon\u00e9<\/strong>, culmina con un miniball Abierto a Todos (OTA), comisariado por la Casa de Marc Jacobs, que ofrece cinco categor\u00edas inclusivas, premios en met\u00e1lico y un jurado de superestrellas del mundo del baile de Los \u00c1ngeles.  <\/p>\n\n<p>Anteriormente conocido como The Future Is Black, Highly Favored es un audaz foco de atenci\u00f3n sobre todo lo que es negro y queer en Los \u00c1ngeles. El renovado y reimaginado evento distintivo es una evoluci\u00f3n de la serie angular del Centro, que incluy\u00f3 en 2023 The Future Is Black: Renaissance, de 2023, con Big Freedia, ganadora de un Grammy. Raven-Symon\u00e9 recibir\u00e1 el <strong>Premio Bayard Rustin<\/strong> del Centro por su destacada labor como intr\u00e9pida defensora y rostro de la comunidad LGBTQ+.  <\/p>\n\n<p>&#8220;Me siento bendecido y <em>muy favorecido<\/em> al aceptar el Premio Bayard Rustin del Centro LGBT de Los \u00c1ngeles. Como narradora, me comprometo a reconocer a las figuras y creadores de tendencias que impulsan el movimiento queer negro, impulsan el arte, inspiran la liberaci\u00f3n e innovan el futuro y la cultura&#8221;, declar\u00f3 la homenajeada Raven-Symon\u00e9.  <\/p>\n\n<p>El acto gratuito incluir\u00e1 la entrega de premios, una instalaci\u00f3n interactiva de 600 metros cuadrados en un estudio de retratos y la actuaci\u00f3n de las personalidades de WOW Presents Plus, The Sissy Squad.  <\/p>\n\n<p>&#8220;M\u00e1s all\u00e1 del impresionante curr\u00edculum de tres d\u00e9cadas de Raven-Symon\u00e9 en Hollywood, es una defensora sin complejos centrada en la creaci\u00f3n de historias potentes y significativas sobre comunidades subrepresentadas, al tiempo que amplifica las voces LGBTQ+&#8221;, dijo Giovanna Fischer, Directora de Equidad del Centro LGBT de Los \u00c1ngeles. &#8220;Nos sentimos honrados de presentarle sus debidas flores para celebrarlo junto con la comunidad queer negra de Los \u00c1ngeles&#8221;.  <\/p>\n\n<p>Entre los <strong>principales patrocin <\/strong>adores del evento figuran Angel City Football Club, NYX Professional Makeup y ADP.<\/p>\n\n<p>Para m\u00e1s informaci\u00f3n o para inscribirse, visite <a href=\"https:\/\/lalgbtcenter.org\/highlyfavored\">lalgbtcenter.org\/highlyfavored<\/a>.<\/p>\n\n<p><strong>QU\u00c9:  <\/strong><br\/>Entrega del premio <strong>Highly Favored<br\/><\/strong>y recepci\u00f3n del miniball de la OTA.  <\/p>\n\n<p><strong>CU\u00c1NDO:<\/strong><strong>\n  <br\/>\n<\/strong><strong>S\u00e1bado, 24 de febrero de 2024<\/strong><strong>\n  <br\/>\n<\/strong><strong>6-10PM<\/strong><\/p>\n\n<p><strong>D\u00d3NDE:<\/strong><br\/><strong>Centro LGBT de Los \u00c1ngeles<\/strong><br\/><strong>The Village en Ed Gould Plaza<\/strong><br\/>1125 N. McCadden Place  <br\/>Los Angeles, CA 90038<\/p>\n\n<p class=\"has-text-align-center\">###<\/p>\n\n<p><strong>Acerca del Centro LGBT de Los \u00c1ngeles<\/strong><br\/>Desde 1969, el Centro LGBT de Los \u00c1ngeles ha atendido, defendido y celebrado a personas y familias LGBT de Los \u00c1ngeles y de otros lugares. En la actualidad, los casi 800 empleados del Centro prestan servicios a m\u00e1s personas LGBT que cualquier otra organizaci\u00f3n del mundo, ofreciendo programas, servicios y defensa global que abarcan cuatro grandes categor\u00edas: Salud, Servicios Sociales y Vivienda, Cultura y Educaci\u00f3n, Liderazgo y Defensa. Somos una fuerza imparable en la lucha contra el fanatismo y la lucha por construir un mundo mejor; un mundo en el que las personas LGBT prosperen como miembros sanos, iguales y completos de la sociedad. M\u00e1s informaci\u00f3n en <a href=\"http:\/\/lalgbtcenter.org\/\">lalgbtcenter.org<\/a>.<\/p>\n","protected":false},"excerpt":{"rendered":"<p>Raven-Symon\u00e9 participar\u00e1 en el baile &#8220;Highly Favored&#8221;, organizado por el Centro LGBT de Los \u00c1ngeles el 24 de febrero para celebrar el Mes de la Historia Negra. &#8211;Orgullosa lesbiana, Raven-Symon\u00e9 es un nombre muy conocido que ha protagonizado una carrera ic\u00f3nica en Hollywood como actriz, cantante, productora y directora.&#8211; LOS \u00c1NGELES, 2 de febrero de [&hellip;]<\/p>\n","protected":false},"author":23,"featured_media":0,"menu_order":0,"template":"","categories":[],"tags":[],"class_list":["post-22394","press-releases","type-press-releases","status-publish","hentry"],"acf":[],"yoast_head":"<!-- This site is optimized with the Yoast SEO plugin v20.13 - https:\/\/yoast.com\/wordpress\/plugins\/seo\/ -->\n<title>Raven-Symon\u00e9 participar\u00e1 en el baile &quot;Highly Favored&quot;, organizado por el Centro LGBT de Los \u00c1ngeles el 24 de febrero para celebrar el Mes de la Historia Negra. - Los Angeles LGBT Center<\/title>\n<meta name=\"robots\" content=\"index, follow, max-snippet:-1, max-image-preview:large, max-video-preview:-1\" \/>\n<link rel=\"canonical\" href=\"https:\/\/lalgbtcenter.org\/es\/vanguard\/press-releases\/raven-symone-participara-en-el-baile-highly-favored-organizado-por-el-centro-lgbt-de-los-angeles-el-24-de-febrero-para-celebrar-el-mes-de-la-historia-negra\/\" \/>\n<meta property=\"og:locale\" content=\"es_ES\" \/>\n<meta property=\"og:type\" content=\"article\" \/>\n<meta property=\"og:title\" content=\"Raven-Symon\u00e9 participar\u00e1 en el baile &quot;Highly Favored&quot;, organizado por el Centro LGBT de Los \u00c1ngeles el 24 de febrero para celebrar el Mes de la Historia Negra. - Los Angeles LGBT Center\" \/>\n<meta property=\"og:description\" content=\"Raven-Symon\u00e9 participar\u00e1 en el baile &#8220;Highly Favored&#8221;, organizado por el Centro LGBT de Los \u00c1ngeles el 24 de febrero para celebrar el Mes de la Historia Negra. &#8211;Orgullosa lesbiana, Raven-Symon\u00e9 es un nombre muy conocido que ha protagonizado una carrera ic\u00f3nica en Hollywood como actriz, cantante, productora y directora.&#8211; LOS \u00c1NGELES, 2 de febrero de [&hellip;]\" \/>\n<meta property=\"og:url\" content=\"https:\/\/lalgbtcenter.org\/es\/vanguard\/press-releases\/raven-symone-participara-en-el-baile-highly-favored-organizado-por-el-centro-lgbt-de-los-angeles-el-24-de-febrero-para-celebrar-el-mes-de-la-historia-negra\/\" \/>\n<meta property=\"og:site_name\" content=\"Los Angeles LGBT Center\" \/>\n<meta property=\"article:modified_time\" content=\"2024-04-10T20:08:02+00:00\" \/>\n<meta name=\"twitter:card\" content=\"summary_large_image\" \/>\n<meta name=\"twitter:label1\" content=\"Est. reading time\" \/>\n\t<meta name=\"twitter:data1\" content=\"3 minutes\" \/>\n<script type=\"application\/ld+json\" class=\"yoast-schema-graph\">{\"@context\":\"https:\/\/schema.org\",\"@graph\":[{\"@type\":\"WebPage\",\"@id\":\"https:\/\/lalgbtcenter.org\/es\/vanguard\/press-releases\/raven-symone-participara-en-el-baile-highly-favored-organizado-por-el-centro-lgbt-de-los-angeles-el-24-de-febrero-para-celebrar-el-mes-de-la-historia-negra\/\",\"url\":\"https:\/\/lalgbtcenter.org\/es\/vanguard\/press-releases\/raven-symone-participara-en-el-baile-highly-favored-organizado-por-el-centro-lgbt-de-los-angeles-el-24-de-febrero-para-celebrar-el-mes-de-la-historia-negra\/\",\"name\":\"Raven-Symon\u00e9 participar\u00e1 en el baile \\\"Highly Favored\\\", organizado por el Centro LGBT de Los \u00c1ngeles el 24 de febrero para celebrar el Mes de la Historia Negra. - Los Angeles LGBT Center\",\"isPartOf\":{\"@id\":\"https:\/\/dev-lalgbtcenter.pantheonsite.io\/#website\"},\"datePublished\":\"2024-02-02T19:10:54+00:00\",\"dateModified\":\"2024-04-10T20:08:02+00:00\",\"breadcrumb\":{\"@id\":\"https:\/\/lalgbtcenter.org\/es\/vanguard\/press-releases\/raven-symone-participara-en-el-baile-highly-favored-organizado-por-el-centro-lgbt-de-los-angeles-el-24-de-febrero-para-celebrar-el-mes-de-la-historia-negra\/#breadcrumb\"},\"inLanguage\":\"es-ES\",\"potentialAction\":[{\"@type\":\"ReadAction\",\"target\":[\"https:\/\/lalgbtcenter.org\/es\/vanguard\/press-releases\/raven-symone-participara-en-el-baile-highly-favored-organizado-por-el-centro-lgbt-de-los-angeles-el-24-de-febrero-para-celebrar-el-mes-de-la-historia-negra\/\"]}]},{\"@type\":\"BreadcrumbList\",\"@id\":\"https:\/\/lalgbtcenter.org\/es\/vanguard\/press-releases\/raven-symone-participara-en-el-baile-highly-favored-organizado-por-el-centro-lgbt-de-los-angeles-el-24-de-febrero-para-celebrar-el-mes-de-la-historia-negra\/#breadcrumb\",\"itemListElement\":[{\"@type\":\"ListItem\",\"position\":1,\"name\":\"Press Releases\",\"item\":\"https:\/\/lalgbtcenter.org\/es\/vanguard\/press-releases\/\"},{\"@type\":\"ListItem\",\"position\":2,\"name\":\"Raven-Symon\u00e9 participar\u00e1 en el baile &#8220;Highly Favored&#8221;, organizado por el Centro LGBT de Los \u00c1ngeles el 24 de febrero para celebrar el Mes de la Historia Negra.\"}]},{\"@type\":\"WebSite\",\"@id\":\"https:\/\/dev-lalgbtcenter.pantheonsite.io\/#website\",\"url\":\"https:\/\/dev-lalgbtcenter.pantheonsite.io\/\",\"name\":\"Los Angeles LGBT Center\",\"description\":\"\",\"potentialAction\":[{\"@type\":\"SearchAction\",\"target\":{\"@type\":\"EntryPoint\",\"urlTemplate\":\"https:\/\/dev-lalgbtcenter.pantheonsite.io\/?s={search_term_string}\"},\"query-input\":\"required name=search_term_string\"}],\"inLanguage\":\"es-ES\"}]}<\/script>\n<!-- \/ Yoast SEO plugin. -->","yoast_head_json":{"title":"Raven-Symon\u00e9 participar\u00e1 en el baile \"Highly Favored\", organizado por el Centro LGBT de Los \u00c1ngeles el 24 de febrero para celebrar el Mes de la Historia Negra. - Los Angeles LGBT Center","robots":{"index":"index","follow":"follow","max-snippet":"max-snippet:-1","max-image-preview":"max-image-preview:large","max-video-preview":"max-video-preview:-1"},"canonical":"https:\/\/lalgbtcenter.org\/es\/vanguard\/press-releases\/raven-symone-participara-en-el-baile-highly-favored-organizado-por-el-centro-lgbt-de-los-angeles-el-24-de-febrero-para-celebrar-el-mes-de-la-historia-negra\/","og_locale":"es_ES","og_type":"article","og_title":"Raven-Symon\u00e9 participar\u00e1 en el baile \"Highly Favored\", organizado por el Centro LGBT de Los \u00c1ngeles el 24 de febrero para celebrar el Mes de la Historia Negra. - Los Angeles LGBT Center","og_description":"Raven-Symon\u00e9 participar\u00e1 en el baile &#8220;Highly Favored&#8221;, organizado por el Centro LGBT de Los \u00c1ngeles el 24 de febrero para celebrar el Mes de la Historia Negra. &#8211;Orgullosa lesbiana, Raven-Symon\u00e9 es un nombre muy conocido que ha protagonizado una carrera ic\u00f3nica en Hollywood como actriz, cantante, productora y directora.&#8211; LOS \u00c1NGELES, 2 de febrero de [&hellip;]","og_url":"https:\/\/lalgbtcenter.org\/es\/vanguard\/press-releases\/raven-symone-participara-en-el-baile-highly-favored-organizado-por-el-centro-lgbt-de-los-angeles-el-24-de-febrero-para-celebrar-el-mes-de-la-historia-negra\/","og_site_name":"Los Angeles LGBT Center","article_modified_time":"2024-04-10T20:08:02+00:00","twitter_card":"summary_large_image","twitter_misc":{"Est. reading time":"3 minutes"},"schema":{"@context":"https:\/\/schema.org","@graph":[{"@type":"WebPage","@id":"https:\/\/lalgbtcenter.org\/es\/vanguard\/press-releases\/raven-symone-participara-en-el-baile-highly-favored-organizado-por-el-centro-lgbt-de-los-angeles-el-24-de-febrero-para-celebrar-el-mes-de-la-historia-negra\/","url":"https:\/\/lalgbtcenter.org\/es\/vanguard\/press-releases\/raven-symone-participara-en-el-baile-highly-favored-organizado-por-el-centro-lgbt-de-los-angeles-el-24-de-febrero-para-celebrar-el-mes-de-la-historia-negra\/","name":"Raven-Symon\u00e9 participar\u00e1 en el baile \"Highly Favored\", organizado por el Centro LGBT de Los \u00c1ngeles el 24 de febrero para celebrar el Mes de la Historia Negra. - Los Angeles LGBT Center","isPartOf":{"@id":"https:\/\/dev-lalgbtcenter.pantheonsite.io\/#website"},"datePublished":"2024-02-02T19:10:54+00:00","dateModified":"2024-04-10T20:08:02+00:00","breadcrumb":{"@id":"https:\/\/lalgbtcenter.org\/es\/vanguard\/press-releases\/raven-symone-participara-en-el-baile-highly-favored-organizado-por-el-centro-lgbt-de-los-angeles-el-24-de-febrero-para-celebrar-el-mes-de-la-historia-negra\/#breadcrumb"},"inLanguage":"es-ES","potentialAction":[{"@type":"ReadAction","target":["https:\/\/lalgbtcenter.org\/es\/vanguard\/press-releases\/raven-symone-participara-en-el-baile-highly-favored-organizado-por-el-centro-lgbt-de-los-angeles-el-24-de-febrero-para-celebrar-el-mes-de-la-historia-negra\/"]}]},{"@type":"BreadcrumbList","@id":"https:\/\/lalgbtcenter.org\/es\/vanguard\/press-releases\/raven-symone-participara-en-el-baile-highly-favored-organizado-por-el-centro-lgbt-de-los-angeles-el-24-de-febrero-para-celebrar-el-mes-de-la-historia-negra\/#breadcrumb","itemListElement":[{"@type":"ListItem","position":1,"name":"Press Releases","item":"https:\/\/lalgbtcenter.org\/es\/vanguard\/press-releases\/"},{"@type":"ListItem","position":2,"name":"Raven-Symon\u00e9 participar\u00e1 en el baile &#8220;Highly Favored&#8221;, organizado por el Centro LGBT de Los \u00c1ngeles el 24 de febrero para celebrar el Mes de la Historia Negra."}]},{"@type":"WebSite","@id":"https:\/\/dev-lalgbtcenter.pantheonsite.io\/#website","url":"https:\/\/dev-lalgbtcenter.pantheonsite.io\/","name":"Los Angeles LGBT Center","description":"","potentialAction":[{"@type":"SearchAction","target":{"@type":"EntryPoint","urlTemplate":"https:\/\/dev-lalgbtcenter.pantheonsite.io\/?s={search_term_string}"},"query-input":"required name=search_term_string"}],"inLanguage":"es-ES"}]}},"_links":{"self":[{"href":"https:\/\/lalgbtcenter.org\/es\/wp-json\/wp\/v2\/press-releases\/22394"}],"collection":[{"href":"https:\/\/lalgbtcenter.org\/es\/wp-json\/wp\/v2\/press-releases"}],"about":[{"href":"https:\/\/lalgbtcenter.org\/es\/wp-json\/wp\/v2\/types\/press-releases"}],"author":[{"embeddable":true,"href":"https:\/\/lalgbtcenter.org\/es\/wp-json\/wp\/v2\/users\/23"}],"wp:attachment":[{"href":"https:\/\/lalgbtcenter.org\/es\/wp-json\/wp\/v2\/media?parent=22394"}],"wp:term":[{"taxonomy":"category","embeddable":true,"href":"https:\/\/lalgbtcenter.org\/es\/wp-json\/wp\/v2\/categories?post=22394"},{"taxonomy":"post_tag","embeddable":true,"href":"https:\/\/lalgbtcenter.org\/es\/wp-json\/wp\/v2\/tags?post=22394"}],"curies":[{"name":"wp","href":"https:\/\/api.w.org\/{rel}","templated":true}]}}