{"id":22304,"date":"2022-11-14T20:18:00","date_gmt":"2022-11-15T04:18:00","guid":{"rendered":"https:\/\/lalgbtcenter.org\/vanguard\/joe-hollendoner-director-general-del-centro-nuestro-trabajo-nunca-termina\/"},"modified":"2024-04-10T06:08:51","modified_gmt":"2024-04-10T13:08:51","slug":"joe-hollendoner-director-general-del-centro-nuestro-trabajo-nunca-termina","status":"publish","type":"post","link":"https:\/\/lalgbtcenter.org\/es\/vanguard\/joe-hollendoner-director-general-del-centro-nuestro-trabajo-nunca-termina\/","title":{"rendered":"Joe Hollendoner, Director General del Centro: &#8220;Nuestro trabajo nunca termina&#8221;"},"content":{"rendered":"\n<p>Comenc\u00e9 mi mandato como Directora General del Centro LGBT de Los \u00c1ngeles en julio, justo cuando nuestra comunidad empezaba a enfrentarse a otra crisis de salud p\u00fablica: la viruela del mono humana.<\/p>\n\n<p>El primer caso de viruela del mono se diagnostic\u00f3 en Estados Unidos en mayo, y en pocas semanas se detectaron casos en las principales ciudades del pa\u00eds, incluida Los \u00c1ngeles. En julio, estaba claro que, al igual que ocurri\u00f3 con el VIH\/sida, los hombres homosexuales y bisexuales se estaban viendo afectados de forma desproporcionada, y que nuestra comunidad tendr\u00eda que unirse una vez m\u00e1s para protegerse.<\/p>\n\n<p>El gobierno federal no tom\u00f3 ninguna medida inmediata para detener la viruela del mono humana, a pesar de haber podido predecir que era probable que se produjera un brote en Estados Unidos. Peor a\u00fan, exist\u00edan vacunas y tratamientos eficaces, pero no estaban disponibles. Los proveedores de atenci\u00f3n m\u00e9dica se negaron a atender a sus pacientes, algunos alegando falta de familiaridad con el virus y otros discriminando abiertamente a las personas LGBTQ+. Los medios de comunicaci\u00f3n no s\u00f3lo estigmatizaron, sino que deshumanizaron a los hombres homosexuales al difundir informaci\u00f3n err\u00f3nea sobre qui\u00e9nes corr\u00edan riesgo de infecci\u00f3n. Los cargos electos conservadores siguieron atacando a nuestra comunidad calificando a los homosexuales de &#8220;impuros&#8221;, &#8220;enfermos&#8221; o, de alguna manera, &#8220;merecedores&#8221; de este virus.<\/p>\n\n<blockquote class=\"wp-block-quote is-layout-flow wp-block-quote-is-layout-flow\">\n<p>El Centro LGBT de Los \u00c1ngeles respondi\u00f3 al vac\u00edo de liderazgo creado por los Centros para el Control y la Prevenci\u00f3n de Enfermedades y otras agencias federales, tomando medidas inmediatas y haciendo lo que mejor sabemos hacer: cuidar y defender a nuestra comunidad.<\/p>\n<\/blockquote>\n\n<p>Nuestros profesionales sanitarios diagnosticaron y trataron casos humanos de viruela del mono y administraron vacunas en nuestros centros de Los \u00c1ngeles. Nuestro equipo pol\u00edtico exigi\u00f3 que los responsables pol\u00edticos y legislativos estatales y federales proporcionaran recursos para detener el brote. Y hemos puesto en marcha programas de divulgaci\u00f3n comunitaria y sitios web para ofrecer una educaci\u00f3n m\u00e9dicamente precisa y positiva desde el punto de vista sexual sobre la prevenci\u00f3n de la viruela s\u00edmica humana.<\/p>\n\n<h6 class=\"wp-block-heading\">No se equivoque:  <\/h6>\n\n<p>la disminuci\u00f3n actual de casos de viruela del mono en el condado de Los \u00c1ngeles es un resultado directo de los esfuerzos del Centro. Si el Centro no hubiera intervenido y dado un paso adelante, no me cabe duda de que los casos seguir\u00edan hoy en la pendiente.<\/p>\n\n<p>Con demasiada frecuencia, en la sanidad p\u00fablica utilizamos los datos para medir nuestro \u00e9xito. La interpretaci\u00f3n de los datos es fundamental para elaborar una respuesta acertada, pero s\u00f3lo cuenta una parte de la historia. Nunca debemos olvidar a los individuos representados en las cifras. Puedo asegurarles que, mientras nuestros investigadores vigilaban atentamente las tendencias que observ\u00e1bamos en nuestras cl\u00ednicas, nuestros proveedores nunca perdieron de vista el impacto humano de esta crisis.<\/p>\n\n<p>Cada vez que visitaba una de las cl\u00ednicas de vacunaci\u00f3n humana contra la viruela del mono del Centro para dar las gracias a nuestro esforzado personal, un paciente me paraba y me contaba su historia. Aunque los detalles de cada historia eran diferentes, lo que no variaba era el hecho de que llegaban al Centro con miedo o confusi\u00f3n, pero sal\u00edan de nuestras puertas sinti\u00e9ndose capacitados e informados. Nunca olvidar\u00e9 el alivio que vi en los ojos de estos pacientes y la profunda gratitud que pod\u00eda o\u00edr en sus voces.<\/p>\n\n<p>Nuestra labor de educaci\u00f3n, vacunaci\u00f3n y defensa en respuesta a la viruela del mono humana ha sido inestimable. Por desgracia, no hemos recibido ni un solo d\u00f3lar de los gobiernos federal, estatal o del condado para financiar estos esfuerzos. Soy optimista en cuanto a que esto cambiar\u00e1 pronto, pero si el Centro no hubiera utilizado los fondos aportados por nuestros donantes particulares para apoyar nuestras acciones, me temo que seguir\u00edamos enfrent\u00e1ndonos a otra epidemia que afecta desproporcionadamente a nuestra comunidad. Si est\u00e1 leyendo esto, es muy probable que haya sido su donaci\u00f3n la que permiti\u00f3 al Centro actuar cuando nuestra comunidad m\u00e1s nos necesitaba.<\/p>\n\n<blockquote class=\"wp-block-quote is-layout-flow wp-block-quote-is-layout-flow\">\n<p>Me sigue inspirando la forma en que las personas queer y trans se apoyan mutuamente. Incluso me estoy dando cuenta de que la comunidad LGBTQ+ de Los \u00c1ngeles se manifiesta como nadie en el movimiento.<\/p>\n<\/blockquote>\n\n<h6 class=\"wp-block-heading\">Haber dirigido el Centro a trav\u00e9s de esta crisis concreta me ha recordado dos cosas.  <\/h6>\n\n<ul class=\"wp-block-list\">\n<li>La primera es que, a pesar de d\u00e9cadas de progreso, nuestra comunidad sigue necesitando unirse para luchar y abogar por nosotros mismos. Ya se trate de emergencias de salud p\u00fablica o de atrocidades del Tribunal Supremo, debemos recordar que nuestra resiliencia colectiva nos hace imparables.<\/li>\n\n\n\n<li>La segunda es que no hay organizaci\u00f3n mejor preparada que el Centro LGBT de Los \u00c1ngeles para movilizar a nuestra comunidad en las numerosas luchas que tenemos por delante. Contamos con m\u00e1s de cinco d\u00e9cadas de experiencia en la defensa y promoci\u00f3n de los derechos de las personas LGBTQ+, y esa experiencia se aprovechar\u00e1 al m\u00e1ximo en respuesta a lo que se vislumbre en el horizonte.<\/li>\n<\/ul>\n\n<p>Ampliar la lucha de nuestra comunidad por la igualdad -incluso mantener los logros conseguidos con tanto esfuerzo- es una gran tarea, lo s\u00e9. Pero puedo prometerte esto: Nunca tendr\u00e1s que hacerlo solo. Ante cualquier amenaza pol\u00edtica o de salud p\u00fablica para nuestra comunidad, puede confiar en que su Centro estar\u00e1 ah\u00ed, defendi\u00e9ndole a usted y a su derecho a existir como miembro sano, igual y completo de la sociedad.<\/p>\n\n\n<section class=\"w-full my-48 md:my-64\">\n  \n<div class=\"relative\">\n  <h2 class=\"!pl-0 !heading-md mb-16 md:mb-24\">Seguir leyendo<\/h2>\n  <div class=\"grid grid-cols-1 md:grid-cols-2 gap-26 md:gap-32\">\n          \n<a href=\"https:\/\/lalgbtcenter.org\/es\/vanguard\/somos-inmensos-y-abundantes-gina-bigham-organizadora-del-orgullo-trans-de-los-angeles-recuerda-una-decada-de-acontecimientos-destacados-y-el-mayor-orgullo-trans-hasta-la-fecha\/\" class=\"!no-underline h-full\">\n  <div class=\"bg-white rounded-10 p-12 pb-10 md:pb-14 h-full transition-shadow hover:shadow-lightPurple\">\n          \n<picture  class=\"w-full aspect-video object-cover\">\n  <source media='(min-width: 834px)' srcset='https:\/\/lalgbtcenter.org\/app\/uploads\/2023\/06\/Gina-Bigham-Zooey-Zephyr-Trans-Pride-LA-2023-1024x689.jpg 1024w, https:\/\/lalgbtcenter.org\/app\/uploads\/2023\/06\/Gina-Bigham-Zooey-Zephyr-Trans-Pride-LA-2023-300x202.jpg 300w, https:\/\/lalgbtcenter.org\/app\/uploads\/2023\/06\/Gina-Bigham-Zooey-Zephyr-Trans-Pride-LA-2023-768x517.jpg 768w, https:\/\/lalgbtcenter.org\/app\/uploads\/2023\/06\/Gina-Bigham-Zooey-Zephyr-Trans-Pride-LA-2023-1536x1034.jpg 1536w, https:\/\/lalgbtcenter.org\/app\/uploads\/2023\/06\/Gina-Bigham-Zooey-Zephyr-Trans-Pride-LA-2023-2048x1378.jpg 2048w, https:\/\/lalgbtcenter.org\/app\/uploads\/2023\/06\/Gina-Bigham-Zooey-Zephyr-Trans-Pride-LA-2023-1x1.jpg 1w, https:\/\/lalgbtcenter.org\/app\/uploads\/2023\/06\/Gina-Bigham-Zooey-Zephyr-Trans-Pride-LA-2023-230x155.jpg 230w, https:\/\/lalgbtcenter.org\/app\/uploads\/2023\/06\/Gina-Bigham-Zooey-Zephyr-Trans-Pride-LA-2023-550x370.jpg 550w, https:\/\/lalgbtcenter.org\/app\/uploads\/2023\/06\/Gina-Bigham-Zooey-Zephyr-Trans-Pride-LA-2023-900x606.jpg 900w, https:\/\/lalgbtcenter.org\/app\/uploads\/2023\/06\/Gina-Bigham-Zooey-Zephyr-Trans-Pride-LA-2023-1130x760.jpg 1130w, https:\/\/lalgbtcenter.org\/app\/uploads\/2023\/06\/Gina-Bigham-Zooey-Zephyr-Trans-Pride-LA-2023-1280x861.jpg 1280w, https:\/\/lalgbtcenter.org\/app\/uploads\/2023\/06\/Gina-Bigham-Zooey-Zephyr-Trans-Pride-LA-2023-1460x982.jpg 1460w' sizes='40vw'>\n  <source media='(max-width: 834px)' srcset='https:\/\/lalgbtcenter.org\/app\/uploads\/2023\/06\/Gina-Bigham-Zooey-Zephyr-Trans-Pride-LA-2023-1024x689.jpg 1024w, https:\/\/lalgbtcenter.org\/app\/uploads\/2023\/06\/Gina-Bigham-Zooey-Zephyr-Trans-Pride-LA-2023-300x202.jpg 300w, https:\/\/lalgbtcenter.org\/app\/uploads\/2023\/06\/Gina-Bigham-Zooey-Zephyr-Trans-Pride-LA-2023-768x517.jpg 768w, https:\/\/lalgbtcenter.org\/app\/uploads\/2023\/06\/Gina-Bigham-Zooey-Zephyr-Trans-Pride-LA-2023-1536x1034.jpg 1536w, https:\/\/lalgbtcenter.org\/app\/uploads\/2023\/06\/Gina-Bigham-Zooey-Zephyr-Trans-Pride-LA-2023-2048x1378.jpg 2048w, https:\/\/lalgbtcenter.org\/app\/uploads\/2023\/06\/Gina-Bigham-Zooey-Zephyr-Trans-Pride-LA-2023-1x1.jpg 1w, https:\/\/lalgbtcenter.org\/app\/uploads\/2023\/06\/Gina-Bigham-Zooey-Zephyr-Trans-Pride-LA-2023-230x155.jpg 230w, https:\/\/lalgbtcenter.org\/app\/uploads\/2023\/06\/Gina-Bigham-Zooey-Zephyr-Trans-Pride-LA-2023-550x370.jpg 550w, https:\/\/lalgbtcenter.org\/app\/uploads\/2023\/06\/Gina-Bigham-Zooey-Zephyr-Trans-Pride-LA-2023-900x606.jpg 900w, https:\/\/lalgbtcenter.org\/app\/uploads\/2023\/06\/Gina-Bigham-Zooey-Zephyr-Trans-Pride-LA-2023-1130x760.jpg 1130w, https:\/\/lalgbtcenter.org\/app\/uploads\/2023\/06\/Gina-Bigham-Zooey-Zephyr-Trans-Pride-LA-2023-1280x861.jpg 1280w, https:\/\/lalgbtcenter.org\/app\/uploads\/2023\/06\/Gina-Bigham-Zooey-Zephyr-Trans-Pride-LA-2023-1460x982.jpg 1460w' sizes='83vw'>\n  <img class=\"w-full h-full object-cover w-full !h-auto aspect-video rounded-10\" src='https:\/\/lalgbtcenter.org\/app\/uploads\/2023\/06\/Gina-Bigham-Zooey-Zephyr-Trans-Pride-LA-2023-1024x689.jpg' alt='' loading='lazy' \/>\n<\/picture>        <div class=\"w-full gap-4 pt-16\">\n      <p class=\"pl-16 body-legal inline-block text-black\/60\"><\/p>\n      <h3 class=\"!pl-16 !mt-0 !heading-xs\">&quot;Somos inmensos y abundantes&quot;: Gina Bigham, organizadora del Orgullo Trans de Los \u00c1ngeles, recuerda una d\u00e9cada de acontecimientos destacados y el mayor Orgullo Trans hasta la fecha.<\/h3>\n    <\/div>\n  <\/div>\n<\/a>          \n<a href=\"https:\/\/lalgbtcenter.org\/es\/vanguard\/actores-deportistas-y-activistas-trans-celebran-la-comunidad-y-la-solidaridad-en-el-primer-ayuntamiento-trans-de-la-historia\/\" class=\"!no-underline h-full\">\n  <div class=\"bg-white rounded-10 p-12 pb-10 md:pb-14 h-full transition-shadow hover:shadow-lightPurple\">\n          \n<picture  class=\"w-full aspect-video object-cover\">\n  <source media='(min-width: 834px)' srcset='https:\/\/lalgbtcenter.org\/app\/uploads\/2023\/08\/230616_TransPride_1778-1024x683.jpg 1024w, https:\/\/lalgbtcenter.org\/app\/uploads\/2023\/08\/230616_TransPride_1778-300x200.jpg 300w, https:\/\/lalgbtcenter.org\/app\/uploads\/2023\/08\/230616_TransPride_1778-768x512.jpg 768w, https:\/\/lalgbtcenter.org\/app\/uploads\/2023\/08\/230616_TransPride_1778-1536x1024.jpg 1536w, https:\/\/lalgbtcenter.org\/app\/uploads\/2023\/08\/230616_TransPride_1778-2048x1365.jpg 2048w, https:\/\/lalgbtcenter.org\/app\/uploads\/2023\/08\/230616_TransPride_1778-1x1.jpg 1w, https:\/\/lalgbtcenter.org\/app\/uploads\/2023\/08\/230616_TransPride_1778-230x153.jpg 230w, https:\/\/lalgbtcenter.org\/app\/uploads\/2023\/08\/230616_TransPride_1778-550x367.jpg 550w, https:\/\/lalgbtcenter.org\/app\/uploads\/2023\/08\/230616_TransPride_1778-900x600.jpg 900w, https:\/\/lalgbtcenter.org\/app\/uploads\/2023\/08\/230616_TransPride_1778-1130x753.jpg 1130w, https:\/\/lalgbtcenter.org\/app\/uploads\/2023\/08\/230616_TransPride_1778-1280x853.jpg 1280w, https:\/\/lalgbtcenter.org\/app\/uploads\/2023\/08\/230616_TransPride_1778-1460x973.jpg 1460w' sizes='40vw'>\n  <source media='(max-width: 834px)' srcset='https:\/\/lalgbtcenter.org\/app\/uploads\/2023\/08\/230616_TransPride_1778-1024x683.jpg 1024w, https:\/\/lalgbtcenter.org\/app\/uploads\/2023\/08\/230616_TransPride_1778-300x200.jpg 300w, https:\/\/lalgbtcenter.org\/app\/uploads\/2023\/08\/230616_TransPride_1778-768x512.jpg 768w, https:\/\/lalgbtcenter.org\/app\/uploads\/2023\/08\/230616_TransPride_1778-1536x1024.jpg 1536w, https:\/\/lalgbtcenter.org\/app\/uploads\/2023\/08\/230616_TransPride_1778-2048x1365.jpg 2048w, https:\/\/lalgbtcenter.org\/app\/uploads\/2023\/08\/230616_TransPride_1778-1x1.jpg 1w, https:\/\/lalgbtcenter.org\/app\/uploads\/2023\/08\/230616_TransPride_1778-230x153.jpg 230w, https:\/\/lalgbtcenter.org\/app\/uploads\/2023\/08\/230616_TransPride_1778-550x367.jpg 550w, https:\/\/lalgbtcenter.org\/app\/uploads\/2023\/08\/230616_TransPride_1778-900x600.jpg 900w, https:\/\/lalgbtcenter.org\/app\/uploads\/2023\/08\/230616_TransPride_1778-1130x753.jpg 1130w, https:\/\/lalgbtcenter.org\/app\/uploads\/2023\/08\/230616_TransPride_1778-1280x853.jpg 1280w, https:\/\/lalgbtcenter.org\/app\/uploads\/2023\/08\/230616_TransPride_1778-1460x973.jpg 1460w' sizes='83vw'>\n  <img class=\"w-full h-full object-cover w-full !h-auto aspect-video rounded-10\" src='https:\/\/lalgbtcenter.org\/app\/uploads\/2023\/08\/230616_TransPride_1778-1024x683.jpg' alt='Trans Pride 2023' loading='lazy' \/>\n<\/picture>        <div class=\"w-full gap-4 pt-16\">\n      <p class=\"pl-16 body-legal inline-block text-black\/60\"><\/p>\n      <h3 class=\"!pl-16 !mt-0 !heading-xs\">Actores, deportistas y activistas trans celebran la comunidad y la solidaridad en el primer Ayuntamiento Trans de la historia<\/h3>\n    <\/div>\n  <\/div>\n<\/a>          \n<a href=\"https:\/\/lalgbtcenter.org\/es\/vanguard\/la-marcha-del-domingo-de-resurreccion-atrae-a-miles-de-personas-para-protestar-contra-la-legislacion-anti-lgbtq\/\" class=\"!no-underline h-full\">\n  <div class=\"bg-white rounded-10 p-12 pb-10 md:pb-14 h-full transition-shadow hover:shadow-lightPurple\">\n          \n<picture  class=\"w-full aspect-video object-cover\">\n  <source media='(min-width: 834px)' srcset='https:\/\/lalgbtcenter.org\/app\/uploads\/2023\/06\/Drag-March-2023-Speaker-1024x683.jpg 1024w, https:\/\/lalgbtcenter.org\/app\/uploads\/2023\/06\/Drag-March-2023-Speaker-300x200.jpg 300w, https:\/\/lalgbtcenter.org\/app\/uploads\/2023\/06\/Drag-March-2023-Speaker-768x512.jpg 768w, https:\/\/lalgbtcenter.org\/app\/uploads\/2023\/06\/Drag-March-2023-Speaker-1x1.jpg 1w, https:\/\/lalgbtcenter.org\/app\/uploads\/2023\/06\/Drag-March-2023-Speaker-770x513.jpg 770w, https:\/\/lalgbtcenter.org\/app\/uploads\/2023\/06\/Drag-March-2023-Speaker-850x567.jpg 850w, https:\/\/lalgbtcenter.org\/app\/uploads\/2023\/06\/Drag-March-2023-Speaker-910x607.jpg 910w, https:\/\/lalgbtcenter.org\/app\/uploads\/2023\/06\/Drag-March-2023-Speaker-1100x733.jpg 1100w, https:\/\/lalgbtcenter.org\/app\/uploads\/2023\/06\/Drag-March-2023-Speaker-1200x800.jpg 1200w, https:\/\/lalgbtcenter.org\/app\/uploads\/2023\/06\/Drag-March-2023-Speaker-1460x973.jpg 1460w, https:\/\/lalgbtcenter.org\/app\/uploads\/2023\/06\/Drag-March-2023-Speaker.jpg 1536w' sizes='40vw'>\n  <source media='(max-width: 834px)' srcset='https:\/\/lalgbtcenter.org\/app\/uploads\/2023\/06\/Drag-March-2023-Speaker-1024x683.jpg 1024w, https:\/\/lalgbtcenter.org\/app\/uploads\/2023\/06\/Drag-March-2023-Speaker-300x200.jpg 300w, https:\/\/lalgbtcenter.org\/app\/uploads\/2023\/06\/Drag-March-2023-Speaker-768x512.jpg 768w, https:\/\/lalgbtcenter.org\/app\/uploads\/2023\/06\/Drag-March-2023-Speaker-1x1.jpg 1w, https:\/\/lalgbtcenter.org\/app\/uploads\/2023\/06\/Drag-March-2023-Speaker-770x513.jpg 770w, https:\/\/lalgbtcenter.org\/app\/uploads\/2023\/06\/Drag-March-2023-Speaker-850x567.jpg 850w, https:\/\/lalgbtcenter.org\/app\/uploads\/2023\/06\/Drag-March-2023-Speaker-910x607.jpg 910w, https:\/\/lalgbtcenter.org\/app\/uploads\/2023\/06\/Drag-March-2023-Speaker-1100x733.jpg 1100w, https:\/\/lalgbtcenter.org\/app\/uploads\/2023\/06\/Drag-March-2023-Speaker-1200x800.jpg 1200w, https:\/\/lalgbtcenter.org\/app\/uploads\/2023\/06\/Drag-March-2023-Speaker-1460x973.jpg 1460w, https:\/\/lalgbtcenter.org\/app\/uploads\/2023\/06\/Drag-March-2023-Speaker.jpg 1536w' sizes='83vw'>\n  <img class=\"w-full h-full object-cover w-full !h-auto aspect-video rounded-10\" src='https:\/\/lalgbtcenter.org\/app\/uploads\/2023\/06\/Drag-March-2023-Speaker-1024x683.jpg' alt='' loading='lazy' \/>\n<\/picture>        <div class=\"w-full gap-4 pt-16\">\n      <p class=\"pl-16 body-legal inline-block text-black\/60\"><\/p>\n      <h3 class=\"!pl-16 !mt-0 !heading-xs\">La Marcha del Domingo de Resurrecci\u00f3n atrae a miles de personas para protestar contra la legislaci\u00f3n anti-LGBTQ+.<\/h3>\n    <\/div>\n  <\/div>\n<\/a>          \n<a href=\"https:\/\/lalgbtcenter.org\/es\/vanguard\/de-la-poesia-al-claque-los-mayores-exhiben-sus-talentos-en-la-muestra-de-otono\/\" class=\"!no-underline h-full\">\n  <div class=\"bg-white rounded-10 p-12 pb-10 md:pb-14 h-full transition-shadow hover:shadow-lightPurple\">\n          \n<picture  class=\"w-full aspect-video object-cover\">\n  <source media='(min-width: 834px)' srcset='https:\/\/lalgbtcenter.org\/app\/uploads\/2023\/06\/Senior-Services-fall-showcase-2.jpg 768w, https:\/\/lalgbtcenter.org\/app\/uploads\/2023\/06\/Senior-Services-fall-showcase-2-300x225.jpg 300w, https:\/\/lalgbtcenter.org\/app\/uploads\/2023\/06\/Senior-Services-fall-showcase-2-1x1.jpg 1w' sizes='40vw'>\n  <source media='(max-width: 834px)' srcset='https:\/\/lalgbtcenter.org\/app\/uploads\/2023\/06\/Senior-Services-fall-showcase-2.jpg 768w, https:\/\/lalgbtcenter.org\/app\/uploads\/2023\/06\/Senior-Services-fall-showcase-2-300x225.jpg 300w, https:\/\/lalgbtcenter.org\/app\/uploads\/2023\/06\/Senior-Services-fall-showcase-2-1x1.jpg 1w' sizes='83vw'>\n  <img class=\"w-full h-full object-cover w-full !h-auto aspect-video rounded-10\" src='https:\/\/lalgbtcenter.org\/app\/uploads\/2023\/06\/Senior-Services-fall-showcase-2.jpg' alt='' loading='lazy' \/>\n<\/picture>        <div class=\"w-full gap-4 pt-16\">\n      <p class=\"pl-16 body-legal inline-block text-black\/60\"><\/p>\n      <h3 class=\"!pl-16 !mt-0 !heading-xs\">De la poes\u00eda al claqu\u00e9, los mayores exhiben sus talentos en la muestra de oto\u00f1o<\/h3>\n    <\/div>\n  <\/div>\n<\/a>      <\/div>\n<\/div><\/section>","protected":false},"excerpt":{"rendered":"<p>Joe Hollendoner, director general del Centro LGBT de Los \u00c1ngeles, reflexiona sobre la respuesta del Centro al brote de viruela en Los \u00c1ngeles.<\/p>\n","protected":false},"author":34,"featured_media":20817,"comment_status":"closed","ping_status":"closed","sticky":false,"template":"","format":"standard","meta":{"footnotes":""},"categories":[130,133],"tags":[],"class_list":["post-22304","post","type-post","status-publish","format-standard","has-post-thumbnail","hentry","category-historias-del-centro","category-politica-y-defensa"],"metadata":{"_encloseme":["1"],"_sbi_oembed_done_checking":["1"],"_yoast_wpseo_primary_category":["64"],"_top_nav_excluded":[""],"_cms_nav_minihome":[""],"_yoast_wpseo_metadesc":["Joe Hollendoner, director general del Centro LGBT de Los \u00c1ngeles, reflexiona sobre la respuesta del Centro al brote de viruela en Los \u00c1ngeles."],"_thumbnail_id":["20817"],"_last_translation_edit_mode":["translation-editor"],"_wpml_word_count":["{\"total\":947,\"to_translate\":{\"en\":947}}"]},"acf":[],"yoast_head":"<!-- This site is optimized with the Yoast SEO plugin v20.13 - https:\/\/yoast.com\/wordpress\/plugins\/seo\/ -->\n<title>Joe Hollendoner, Director General del Centro: &quot;Nuestro trabajo nunca termina&quot; - Los Angeles LGBT Center<\/title>\n<meta name=\"description\" content=\"Joe Hollendoner, director general del Centro LGBT de Los \u00c1ngeles, reflexiona sobre la respuesta del Centro al brote de viruela en Los \u00c1ngeles.\" \/>\n<meta name=\"robots\" content=\"index, follow, max-snippet:-1, max-image-preview:large, max-video-preview:-1\" \/>\n<link rel=\"canonical\" href=\"https:\/\/lalgbtcenter.org\/es\/vanguard\/joe-hollendoner-director-general-del-centro-nuestro-trabajo-nunca-termina\/\" \/>\n<meta property=\"og:locale\" content=\"es_ES\" \/>\n<meta property=\"og:type\" content=\"article\" \/>\n<meta property=\"og:title\" content=\"Joe Hollendoner, Director General del Centro: &quot;Nuestro trabajo nunca termina&quot; - Los Angeles LGBT Center\" \/>\n<meta property=\"og:description\" content=\"Joe Hollendoner, director general del Centro LGBT de Los \u00c1ngeles, reflexiona sobre la respuesta del Centro al brote de viruela en Los \u00c1ngeles.\" \/>\n<meta property=\"og:url\" content=\"https:\/\/lalgbtcenter.org\/es\/vanguard\/joe-hollendoner-director-general-del-centro-nuestro-trabajo-nunca-termina\/\" \/>\n<meta property=\"og:site_name\" content=\"Los Angeles LGBT Center\" \/>\n<meta property=\"article:published_time\" content=\"2022-11-15T04:18:00+00:00\" \/>\n<meta property=\"article:modified_time\" content=\"2024-04-10T13:08:51+00:00\" \/>\n<meta property=\"og:image\" content=\"https:\/\/lalgbtcenter.org\/app\/uploads\/2023\/06\/LALGBT-Center-Joe-Hollendoner.jpg\" \/>\n\t<meta property=\"og:image:width\" content=\"768\" \/>\n\t<meta property=\"og:image:height\" content=\"768\" \/>\n\t<meta property=\"og:image:type\" content=\"image\/jpeg\" \/>\n<meta name=\"author\" content=\"Los Angeles LGBT Center\" \/>\n<meta name=\"twitter:card\" content=\"summary_large_image\" \/>\n<meta name=\"twitter:label1\" content=\"Written by\" \/>\n\t<meta name=\"twitter:data1\" content=\"Los Angeles LGBT Center\" \/>\n\t<meta name=\"twitter:label2\" content=\"Est. reading time\" \/>\n\t<meta name=\"twitter:data2\" content=\"5 minutes\" \/>\n<script type=\"application\/ld+json\" class=\"yoast-schema-graph\">{\"@context\":\"https:\/\/schema.org\",\"@graph\":[{\"@type\":\"WebPage\",\"@id\":\"https:\/\/lalgbtcenter.org\/es\/vanguard\/joe-hollendoner-director-general-del-centro-nuestro-trabajo-nunca-termina\/\",\"url\":\"https:\/\/lalgbtcenter.org\/es\/vanguard\/joe-hollendoner-director-general-del-centro-nuestro-trabajo-nunca-termina\/\",\"name\":\"Joe Hollendoner, Director General del Centro: \\\"Nuestro trabajo nunca termina\\\" - Los Angeles LGBT Center\",\"isPartOf\":{\"@id\":\"https:\/\/dev-lalgbtcenter.pantheonsite.io\/#website\"},\"datePublished\":\"2022-11-15T04:18:00+00:00\",\"dateModified\":\"2024-04-10T13:08:51+00:00\",\"author\":{\"@id\":\"https:\/\/dev-lalgbtcenter.pantheonsite.io\/#\/schema\/person\/3acd98dfad8b1d0682eb931a3d38707a\"},\"description\":\"Joe Hollendoner, director general del Centro LGBT de Los \u00c1ngeles, reflexiona sobre la respuesta del Centro al brote de viruela en Los \u00c1ngeles.\",\"inLanguage\":\"es-ES\",\"potentialAction\":[{\"@type\":\"ReadAction\",\"target\":[\"https:\/\/lalgbtcenter.org\/es\/vanguard\/joe-hollendoner-director-general-del-centro-nuestro-trabajo-nunca-termina\/\"]}]},{\"@type\":\"WebSite\",\"@id\":\"https:\/\/dev-lalgbtcenter.pantheonsite.io\/#website\",\"url\":\"https:\/\/dev-lalgbtcenter.pantheonsite.io\/\",\"name\":\"Los Angeles LGBT Center\",\"description\":\"\",\"potentialAction\":[{\"@type\":\"SearchAction\",\"target\":{\"@type\":\"EntryPoint\",\"urlTemplate\":\"https:\/\/dev-lalgbtcenter.pantheonsite.io\/?s={search_term_string}\"},\"query-input\":\"required name=search_term_string\"}],\"inLanguage\":\"es-ES\"},{\"@type\":\"Person\",\"@id\":\"https:\/\/dev-lalgbtcenter.pantheonsite.io\/#\/schema\/person\/3acd98dfad8b1d0682eb931a3d38707a\",\"name\":\"Los Angeles LGBT Center\",\"image\":{\"@type\":\"ImageObject\",\"inLanguage\":\"es-ES\",\"@id\":\"https:\/\/dev-lalgbtcenter.pantheonsite.io\/#\/schema\/person\/image\/\",\"url\":\"https:\/\/lalgbtcenter.org\/wp-content\/uploads\/2023\/08\/cropped-los-angeles-lgbt-center-96x96.png\",\"contentUrl\":\"https:\/\/lalgbtcenter.org\/wp-content\/uploads\/2023\/08\/cropped-los-angeles-lgbt-center-96x96.png\",\"caption\":\"Los Angeles LGBT Center\"},\"url\":\"https:\/\/lalgbtcenter.org\/es\/vanguard\/author\/lalgbtcenter\/\"}]}<\/script>\n<!-- \/ Yoast SEO plugin. -->","yoast_head_json":{"title":"Joe Hollendoner, Director General del Centro: \"Nuestro trabajo nunca termina\" - Los Angeles LGBT Center","description":"Joe Hollendoner, director general del Centro LGBT de Los \u00c1ngeles, reflexiona sobre la respuesta del Centro al brote de viruela en Los \u00c1ngeles.","robots":{"index":"index","follow":"follow","max-snippet":"max-snippet:-1","max-image-preview":"max-image-preview:large","max-video-preview":"max-video-preview:-1"},"canonical":"https:\/\/lalgbtcenter.org\/es\/vanguard\/joe-hollendoner-director-general-del-centro-nuestro-trabajo-nunca-termina\/","og_locale":"es_ES","og_type":"article","og_title":"Joe Hollendoner, Director General del Centro: \"Nuestro trabajo nunca termina\" - Los Angeles LGBT Center","og_description":"Joe Hollendoner, director general del Centro LGBT de Los \u00c1ngeles, reflexiona sobre la respuesta del Centro al brote de viruela en Los \u00c1ngeles.","og_url":"https:\/\/lalgbtcenter.org\/es\/vanguard\/joe-hollendoner-director-general-del-centro-nuestro-trabajo-nunca-termina\/","og_site_name":"Los Angeles LGBT Center","article_published_time":"2022-11-15T04:18:00+00:00","article_modified_time":"2024-04-10T13:08:51+00:00","og_image":[{"width":768,"height":768,"url":"https:\/\/lalgbtcenter.org\/app\/uploads\/2023\/06\/LALGBT-Center-Joe-Hollendoner.jpg","type":"image\/jpeg"}],"author":"Los Angeles LGBT Center","twitter_card":"summary_large_image","twitter_misc":{"Written by":"Los Angeles LGBT Center","Est. reading time":"5 minutes"},"schema":{"@context":"https:\/\/schema.org","@graph":[{"@type":"WebPage","@id":"https:\/\/lalgbtcenter.org\/es\/vanguard\/joe-hollendoner-director-general-del-centro-nuestro-trabajo-nunca-termina\/","url":"https:\/\/lalgbtcenter.org\/es\/vanguard\/joe-hollendoner-director-general-del-centro-nuestro-trabajo-nunca-termina\/","name":"Joe Hollendoner, Director General del Centro: \"Nuestro trabajo nunca termina\" - Los Angeles LGBT Center","isPartOf":{"@id":"https:\/\/dev-lalgbtcenter.pantheonsite.io\/#website"},"datePublished":"2022-11-15T04:18:00+00:00","dateModified":"2024-04-10T13:08:51+00:00","author":{"@id":"https:\/\/dev-lalgbtcenter.pantheonsite.io\/#\/schema\/person\/3acd98dfad8b1d0682eb931a3d38707a"},"description":"Joe Hollendoner, director general del Centro LGBT de Los \u00c1ngeles, reflexiona sobre la respuesta del Centro al brote de viruela en Los \u00c1ngeles.","inLanguage":"es-ES","potentialAction":[{"@type":"ReadAction","target":["https:\/\/lalgbtcenter.org\/es\/vanguard\/joe-hollendoner-director-general-del-centro-nuestro-trabajo-nunca-termina\/"]}]},{"@type":"WebSite","@id":"https:\/\/dev-lalgbtcenter.pantheonsite.io\/#website","url":"https:\/\/dev-lalgbtcenter.pantheonsite.io\/","name":"Los Angeles LGBT Center","description":"","potentialAction":[{"@type":"SearchAction","target":{"@type":"EntryPoint","urlTemplate":"https:\/\/dev-lalgbtcenter.pantheonsite.io\/?s={search_term_string}"},"query-input":"required name=search_term_string"}],"inLanguage":"es-ES"},{"@type":"Person","@id":"https:\/\/dev-lalgbtcenter.pantheonsite.io\/#\/schema\/person\/3acd98dfad8b1d0682eb931a3d38707a","name":"Los Angeles LGBT Center","image":{"@type":"ImageObject","inLanguage":"es-ES","@id":"https:\/\/dev-lalgbtcenter.pantheonsite.io\/#\/schema\/person\/image\/","url":"https:\/\/lalgbtcenter.org\/wp-content\/uploads\/2023\/08\/cropped-los-angeles-lgbt-center-96x96.png","contentUrl":"https:\/\/lalgbtcenter.org\/wp-content\/uploads\/2023\/08\/cropped-los-angeles-lgbt-center-96x96.png","caption":"Los Angeles LGBT Center"},"url":"https:\/\/lalgbtcenter.org\/es\/vanguard\/author\/lalgbtcenter\/"}]}},"_links":{"self":[{"href":"https:\/\/lalgbtcenter.org\/es\/wp-json\/wp\/v2\/posts\/22304"}],"collection":[{"href":"https:\/\/lalgbtcenter.org\/es\/wp-json\/wp\/v2\/posts"}],"about":[{"href":"https:\/\/lalgbtcenter.org\/es\/wp-json\/wp\/v2\/types\/post"}],"author":[{"embeddable":true,"href":"https:\/\/lalgbtcenter.org\/es\/wp-json\/wp\/v2\/users\/34"}],"replies":[{"embeddable":true,"href":"https:\/\/lalgbtcenter.org\/es\/wp-json\/wp\/v2\/comments?post=22304"}],"version-history":[{"count":1,"href":"https:\/\/lalgbtcenter.org\/es\/wp-json\/wp\/v2\/posts\/22304\/revisions"}],"predecessor-version":[{"id":22308,"href":"https:\/\/lalgbtcenter.org\/es\/wp-json\/wp\/v2\/posts\/22304\/revisions\/22308"}],"wp:featuredmedia":[{"embeddable":true,"href":"https:\/\/lalgbtcenter.org\/es\/wp-json\/wp\/v2\/media\/20817"}],"wp:attachment":[{"href":"https:\/\/lalgbtcenter.org\/es\/wp-json\/wp\/v2\/media?parent=22304"}],"wp:term":[{"taxonomy":"category","embeddable":true,"href":"https:\/\/lalgbtcenter.org\/es\/wp-json\/wp\/v2\/categories?post=22304"},{"taxonomy":"post_tag","embeddable":true,"href":"https:\/\/lalgbtcenter.org\/es\/wp-json\/wp\/v2\/tags?post=22304"}],"curies":[{"name":"wp","href":"https:\/\/api.w.org\/{rel}","templated":true}]}}