{"id":22302,"date":"2022-09-28T16:51:00","date_gmt":"2022-09-28T23:51:00","guid":{"rendered":"https:\/\/lalgbtcenter.org\/vanguard\/conozca-al-nuevo-equipo-directivo-del-centro\/"},"modified":"2024-04-10T06:08:50","modified_gmt":"2024-04-10T13:08:50","slug":"conozca-al-nuevo-equipo-directivo-del-centro","status":"publish","type":"post","link":"https:\/\/lalgbtcenter.org\/es\/vanguard\/conozca-al-nuevo-equipo-directivo-del-centro\/","title":{"rendered":"Conozca al nuevo equipo directivo del Centro"},"content":{"rendered":"\n\n<section class=\"w-full relative mt-48 mb-56 md:my-80\">\n    <div data-leadership-bios>\n        <div class=\"grid grid-cols-1 md:grid-cols-2 gap-y-40 md:gap-y-48 gap-x-32\">\n              <div class=\"\">\n          \n<picture  class=\"w-full block aspect-square mb-24\">\n  <source media='(min-width: 834px)' srcset='https:\/\/lalgbtcenter.org\/app\/uploads\/2023\/08\/Joe-Hollendoner-headshot-1-300x300-1.jpg 300w, https:\/\/lalgbtcenter.org\/app\/uploads\/2023\/08\/Joe-Hollendoner-headshot-1-300x300-1-150x150.jpg 150w, https:\/\/lalgbtcenter.org\/app\/uploads\/2023\/08\/Joe-Hollendoner-headshot-1-300x300-1-1x1.jpg 1w' sizes='50vw'>\n  <source media='(max-width: 834px)' srcset='https:\/\/lalgbtcenter.org\/app\/uploads\/2023\/08\/Joe-Hollendoner-headshot-1-300x300-1.jpg 300w, https:\/\/lalgbtcenter.org\/app\/uploads\/2023\/08\/Joe-Hollendoner-headshot-1-300x300-1-150x150.jpg 150w, https:\/\/lalgbtcenter.org\/app\/uploads\/2023\/08\/Joe-Hollendoner-headshot-1-300x300-1-1x1.jpg 1w' sizes='92vw'>\n  <img class=\"w-full h-full object-cover rounded-10 object-cover\" src='https:\/\/lalgbtcenter.org\/app\/uploads\/2023\/08\/Joe-Hollendoner-headshot-1-300x300-1.jpg' alt='' loading='lazy' \/>\n<\/picture>          <div class=\"flex flex-col md:flex-row gap-8 justify-between\">\n            <div>\n              <h3 class=\"heading-sm-bold leading-none\">Joe Hollendoner<\/h3>\n                              <p class=\"body-legal mt-8\">Consejero Delegado<\/p>\n                          <\/div>\n            <button data-toggle=\"modal\" data-target=\"#team-modal-4d883854d72e0b60688786f83fce9e7d\" class=\"mt-0 md:mt-4 w-fit h-fit flex flex-row gap-8 transition-all border-y-2 hover:border-b-black border-transparent\" role=\"button\" aria-pressed=\"false\">\n              <span class=\"body-sm-bold\">\n                Learn More\n              <\/span>\n              <svg class=\"fill-black\" width=\"16\" height=\"16\" viewBox=\"0 0 16 16\" xmlns=\"http:\/\/www.w3.org\/2000\/svg\"\n  fill=\"currentColor\">\n  <path fill-rule=\"evenodd\" clip-rule=\"evenodd\"\n    d=\"M10.04 7.063 6.39 3.414 7.806 2l5.5 5.5.707.707-.707.707-5.5 5.5L6.391 13l3.937-3.937H2v-2h8.04z\" \/>\n<\/svg>            <\/button>\n          <\/div>\n        <\/div>\n              <div class=\"\">\n          \n<picture  class=\"w-full block aspect-square mb-24\">\n  <source media='(min-width: 834px)' srcset='https:\/\/lalgbtcenter.org\/app\/uploads\/2023\/06\/LALGBT-Center-Saurabh-Bajaj.jpg 768w, https:\/\/lalgbtcenter.org\/app\/uploads\/2023\/06\/LALGBT-Center-Saurabh-Bajaj-300x300.jpg 300w, https:\/\/lalgbtcenter.org\/app\/uploads\/2023\/06\/LALGBT-Center-Saurabh-Bajaj-150x150.jpg 150w, https:\/\/lalgbtcenter.org\/app\/uploads\/2023\/06\/LALGBT-Center-Saurabh-Bajaj-1x1.jpg 1w' sizes='50vw'>\n  <source media='(max-width: 834px)' srcset='https:\/\/lalgbtcenter.org\/app\/uploads\/2023\/06\/LALGBT-Center-Saurabh-Bajaj.jpg 768w, https:\/\/lalgbtcenter.org\/app\/uploads\/2023\/06\/LALGBT-Center-Saurabh-Bajaj-300x300.jpg 300w, https:\/\/lalgbtcenter.org\/app\/uploads\/2023\/06\/LALGBT-Center-Saurabh-Bajaj-150x150.jpg 150w, https:\/\/lalgbtcenter.org\/app\/uploads\/2023\/06\/LALGBT-Center-Saurabh-Bajaj-1x1.jpg 1w' sizes='92vw'>\n  <img class=\"w-full h-full object-cover rounded-10 object-cover\" src='https:\/\/lalgbtcenter.org\/app\/uploads\/2023\/06\/LALGBT-Center-Saurabh-Bajaj.jpg' alt='' loading='lazy' \/>\n<\/picture>          <div class=\"flex flex-col md:flex-row gap-8 justify-between\">\n            <div>\n              <h3 class=\"heading-sm-bold leading-none\">Saurabh Bajaj<\/h3>\n                              <p class=\"body-legal mt-8\">Directora de Desarrollo<\/p>\n                          <\/div>\n            <button data-toggle=\"modal\" data-target=\"#team-modal-c644332952f476c37daa950b502c850e\" class=\"mt-0 md:mt-4 w-fit h-fit flex flex-row gap-8 transition-all border-y-2 hover:border-b-black border-transparent\" role=\"button\" aria-pressed=\"false\">\n              <span class=\"body-sm-bold\">\n                Learn More\n              <\/span>\n              <svg class=\"fill-black\" width=\"16\" height=\"16\" viewBox=\"0 0 16 16\" xmlns=\"http:\/\/www.w3.org\/2000\/svg\"\n  fill=\"currentColor\">\n  <path fill-rule=\"evenodd\" clip-rule=\"evenodd\"\n    d=\"M10.04 7.063 6.39 3.414 7.806 2l5.5 5.5.707.707-.707.707-5.5 5.5L6.391 13l3.937-3.937H2v-2h8.04z\" \/>\n<\/svg>            <\/button>\n          <\/div>\n        <\/div>\n              <div class=\"\">\n          \n<picture  class=\"w-full block aspect-square mb-24\">\n  <source media='(min-width: 834px)' srcset='https:\/\/lalgbtcenter.org\/app\/uploads\/2023\/06\/LALGBT-Center-Sharon-Brown.jpg 768w, https:\/\/lalgbtcenter.org\/app\/uploads\/2023\/06\/LALGBT-Center-Sharon-Brown-300x300.jpg 300w, https:\/\/lalgbtcenter.org\/app\/uploads\/2023\/06\/LALGBT-Center-Sharon-Brown-150x150.jpg 150w, https:\/\/lalgbtcenter.org\/app\/uploads\/2023\/06\/LALGBT-Center-Sharon-Brown-1x1.jpg 1w' sizes='50vw'>\n  <source media='(max-width: 834px)' srcset='https:\/\/lalgbtcenter.org\/app\/uploads\/2023\/06\/LALGBT-Center-Sharon-Brown.jpg 768w, https:\/\/lalgbtcenter.org\/app\/uploads\/2023\/06\/LALGBT-Center-Sharon-Brown-300x300.jpg 300w, https:\/\/lalgbtcenter.org\/app\/uploads\/2023\/06\/LALGBT-Center-Sharon-Brown-150x150.jpg 150w, https:\/\/lalgbtcenter.org\/app\/uploads\/2023\/06\/LALGBT-Center-Sharon-Brown-1x1.jpg 1w' sizes='92vw'>\n  <img class=\"w-full h-full object-cover rounded-10 object-cover\" src='https:\/\/lalgbtcenter.org\/app\/uploads\/2023\/06\/LALGBT-Center-Sharon-Brown.jpg' alt='' loading='lazy' \/>\n<\/picture>          <div class=\"flex flex-col md:flex-row gap-8 justify-between\">\n            <div>\n              <h3 class=\"heading-sm-bold leading-none\">Sharon Brown<\/h3>\n                              <p class=\"body-legal mt-8\">Directora de Impacto<\/p>\n                          <\/div>\n            <button data-toggle=\"modal\" data-target=\"#team-modal-f40fe967870174ded9323bae71c5ce50\" class=\"mt-0 md:mt-4 w-fit h-fit flex flex-row gap-8 transition-all border-y-2 hover:border-b-black border-transparent\" role=\"button\" aria-pressed=\"false\">\n              <span class=\"body-sm-bold\">\n                Learn More\n              <\/span>\n              <svg class=\"fill-black\" width=\"16\" height=\"16\" viewBox=\"0 0 16 16\" xmlns=\"http:\/\/www.w3.org\/2000\/svg\"\n  fill=\"currentColor\">\n  <path fill-rule=\"evenodd\" clip-rule=\"evenodd\"\n    d=\"M10.04 7.063 6.39 3.414 7.806 2l5.5 5.5.707.707-.707.707-5.5 5.5L6.391 13l3.937-3.937H2v-2h8.04z\" \/>\n<\/svg>            <\/button>\n          <\/div>\n        <\/div>\n              <div class=\"\">\n          \n<picture  class=\"w-full block aspect-square mb-24\">\n  <source media='(min-width: 834px)' srcset='https:\/\/lalgbtcenter.org\/app\/uploads\/2023\/08\/Ward-Carpenter-headshot-300x300-1.jpg 300w, https:\/\/lalgbtcenter.org\/app\/uploads\/2023\/08\/Ward-Carpenter-headshot-300x300-1-150x150.jpg 150w, https:\/\/lalgbtcenter.org\/app\/uploads\/2023\/08\/Ward-Carpenter-headshot-300x300-1-1x1.jpg 1w' sizes='50vw'>\n  <source media='(max-width: 834px)' srcset='https:\/\/lalgbtcenter.org\/app\/uploads\/2023\/08\/Ward-Carpenter-headshot-300x300-1.jpg 300w, https:\/\/lalgbtcenter.org\/app\/uploads\/2023\/08\/Ward-Carpenter-headshot-300x300-1-150x150.jpg 150w, https:\/\/lalgbtcenter.org\/app\/uploads\/2023\/08\/Ward-Carpenter-headshot-300x300-1-1x1.jpg 1w' sizes='92vw'>\n  <img class=\"w-full h-full object-cover rounded-10 object-cover\" src='https:\/\/lalgbtcenter.org\/app\/uploads\/2023\/08\/Ward-Carpenter-headshot-300x300-1.jpg' alt='' loading='lazy' \/>\n<\/picture>          <div class=\"flex flex-col md:flex-row gap-8 justify-between\">\n            <div>\n              <h3 class=\"heading-sm-bold leading-none\">Dr. Ward Carpenter<\/h3>\n                              <p class=\"body-legal mt-8\">Jefe de Sanidad<\/p>\n                          <\/div>\n            <button data-toggle=\"modal\" data-target=\"#team-modal-fc0aafd651946d038137a3b480c2e639\" class=\"mt-0 md:mt-4 w-fit h-fit flex flex-row gap-8 transition-all border-y-2 hover:border-b-black border-transparent\" role=\"button\" aria-pressed=\"false\">\n              <span class=\"body-sm-bold\">\n                Learn More\n              <\/span>\n              <svg class=\"fill-black\" width=\"16\" height=\"16\" viewBox=\"0 0 16 16\" xmlns=\"http:\/\/www.w3.org\/2000\/svg\"\n  fill=\"currentColor\">\n  <path fill-rule=\"evenodd\" clip-rule=\"evenodd\"\n    d=\"M10.04 7.063 6.39 3.414 7.806 2l5.5 5.5.707.707-.707.707-5.5 5.5L6.391 13l3.937-3.937H2v-2h8.04z\" \/>\n<\/svg>            <\/button>\n          <\/div>\n        <\/div>\n              <div class=\"\">\n          \n<picture  class=\"w-full block aspect-square mb-24\">\n  <source media='(min-width: 834px)' srcset='https:\/\/lalgbtcenter.org\/app\/uploads\/2023\/08\/Ricardo-DeLeon-headshot-300x300-1.jpg 300w, https:\/\/lalgbtcenter.org\/app\/uploads\/2023\/08\/Ricardo-DeLeon-headshot-300x300-1-150x150.jpg 150w, https:\/\/lalgbtcenter.org\/app\/uploads\/2023\/08\/Ricardo-DeLeon-headshot-300x300-1-1x1.jpg 1w' sizes='50vw'>\n  <source media='(max-width: 834px)' srcset='https:\/\/lalgbtcenter.org\/app\/uploads\/2023\/08\/Ricardo-DeLeon-headshot-300x300-1.jpg 300w, https:\/\/lalgbtcenter.org\/app\/uploads\/2023\/08\/Ricardo-DeLeon-headshot-300x300-1-150x150.jpg 150w, https:\/\/lalgbtcenter.org\/app\/uploads\/2023\/08\/Ricardo-DeLeon-headshot-300x300-1-1x1.jpg 1w' sizes='92vw'>\n  <img class=\"w-full h-full object-cover rounded-10 object-cover\" src='https:\/\/lalgbtcenter.org\/app\/uploads\/2023\/08\/Ricardo-DeLeon-headshot-300x300-1.jpg' alt='' loading='lazy' \/>\n<\/picture>          <div class=\"flex flex-col md:flex-row gap-8 justify-between\">\n            <div>\n              <h3 class=\"heading-sm-bold leading-none\">Ricardo DeLeon<\/h3>\n                              <p class=\"body-legal mt-8\">Director Financiero<\/p>\n                          <\/div>\n            <button data-toggle=\"modal\" data-target=\"#team-modal-fff079091fab64095f9cad3298f1057a\" class=\"mt-0 md:mt-4 w-fit h-fit flex flex-row gap-8 transition-all border-y-2 hover:border-b-black border-transparent\" role=\"button\" aria-pressed=\"false\">\n              <span class=\"body-sm-bold\">\n                Learn More\n              <\/span>\n              <svg class=\"fill-black\" width=\"16\" height=\"16\" viewBox=\"0 0 16 16\" xmlns=\"http:\/\/www.w3.org\/2000\/svg\"\n  fill=\"currentColor\">\n  <path fill-rule=\"evenodd\" clip-rule=\"evenodd\"\n    d=\"M10.04 7.063 6.39 3.414 7.806 2l5.5 5.5.707.707-.707.707-5.5 5.5L6.391 13l3.937-3.937H2v-2h8.04z\" \/>\n<\/svg>            <\/button>\n          <\/div>\n        <\/div>\n              <div class=\"\">\n          \n<picture  class=\"w-full block aspect-square mb-24\">\n  <source media='(min-width: 834px)' srcset='https:\/\/lalgbtcenter.org\/app\/uploads\/2023\/06\/LALGBT-Center-Gerald-Garth-headshot.jpg 768w, https:\/\/lalgbtcenter.org\/app\/uploads\/2023\/06\/LALGBT-Center-Gerald-Garth-headshot-300x300.jpg 300w, https:\/\/lalgbtcenter.org\/app\/uploads\/2023\/06\/LALGBT-Center-Gerald-Garth-headshot-150x150.jpg 150w, https:\/\/lalgbtcenter.org\/app\/uploads\/2023\/06\/LALGBT-Center-Gerald-Garth-headshot-1x1.jpg 1w' sizes='50vw'>\n  <source media='(max-width: 834px)' srcset='https:\/\/lalgbtcenter.org\/app\/uploads\/2023\/06\/LALGBT-Center-Gerald-Garth-headshot.jpg 768w, https:\/\/lalgbtcenter.org\/app\/uploads\/2023\/06\/LALGBT-Center-Gerald-Garth-headshot-300x300.jpg 300w, https:\/\/lalgbtcenter.org\/app\/uploads\/2023\/06\/LALGBT-Center-Gerald-Garth-headshot-150x150.jpg 150w, https:\/\/lalgbtcenter.org\/app\/uploads\/2023\/06\/LALGBT-Center-Gerald-Garth-headshot-1x1.jpg 1w' sizes='92vw'>\n  <img class=\"w-full h-full object-cover rounded-10 object-cover\" src='https:\/\/lalgbtcenter.org\/app\/uploads\/2023\/06\/LALGBT-Center-Gerald-Garth-headshot.jpg' alt='' loading='lazy' \/>\n<\/picture>          <div class=\"flex flex-col md:flex-row gap-8 justify-between\">\n            <div>\n              <h3 class=\"heading-sm-bold leading-none\">Gerald Garth<\/h3>\n                              <p class=\"body-legal mt-8\">Directora de Diversidad, Igualdad e Inclusi\u00f3n<\/p>\n                          <\/div>\n            <button data-toggle=\"modal\" data-target=\"#team-modal-d6f7f74d07995f27a5aaaf156579a650\" class=\"mt-0 md:mt-4 w-fit h-fit flex flex-row gap-8 transition-all border-y-2 hover:border-b-black border-transparent\" role=\"button\" aria-pressed=\"false\">\n              <span class=\"body-sm-bold\">\n                Learn More\n              <\/span>\n              <svg class=\"fill-black\" width=\"16\" height=\"16\" viewBox=\"0 0 16 16\" xmlns=\"http:\/\/www.w3.org\/2000\/svg\"\n  fill=\"currentColor\">\n  <path fill-rule=\"evenodd\" clip-rule=\"evenodd\"\n    d=\"M10.04 7.063 6.39 3.414 7.806 2l5.5 5.5.707.707-.707.707-5.5 5.5L6.391 13l3.937-3.937H2v-2h8.04z\" \/>\n<\/svg>            <\/button>\n          <\/div>\n        <\/div>\n              <div class=\"\">\n          \n<picture  class=\"w-full block aspect-square mb-24\">\n  <source media='(min-width: 834px)' srcset='https:\/\/lalgbtcenter.org\/app\/uploads\/2023\/08\/Phillip-Picardi-headshot-300x300-1.jpg 300w, https:\/\/lalgbtcenter.org\/app\/uploads\/2023\/08\/Phillip-Picardi-headshot-300x300-1-150x150.jpg 150w, https:\/\/lalgbtcenter.org\/app\/uploads\/2023\/08\/Phillip-Picardi-headshot-300x300-1-1x1.jpg 1w' sizes='50vw'>\n  <source media='(max-width: 834px)' srcset='https:\/\/lalgbtcenter.org\/app\/uploads\/2023\/08\/Phillip-Picardi-headshot-300x300-1.jpg 300w, https:\/\/lalgbtcenter.org\/app\/uploads\/2023\/08\/Phillip-Picardi-headshot-300x300-1-150x150.jpg 150w, https:\/\/lalgbtcenter.org\/app\/uploads\/2023\/08\/Phillip-Picardi-headshot-300x300-1-1x1.jpg 1w' sizes='92vw'>\n  <img class=\"w-full h-full object-cover rounded-10 object-cover\" src='https:\/\/lalgbtcenter.org\/app\/uploads\/2023\/08\/Phillip-Picardi-headshot-300x300-1.jpg' alt='' loading='lazy' \/>\n<\/picture>          <div class=\"flex flex-col md:flex-row gap-8 justify-between\">\n            <div>\n              <h3 class=\"heading-sm-bold leading-none\">Phillip Picardi<\/h3>\n                              <p class=\"body-legal mt-8\">Directora de Marketing y Comunicaci\u00f3n<\/p>\n                          <\/div>\n            <button data-toggle=\"modal\" data-target=\"#team-modal-b887f82284199f5553f5cf0d1453bd1d\" class=\"mt-0 md:mt-4 w-fit h-fit flex flex-row gap-8 transition-all border-y-2 hover:border-b-black border-transparent\" role=\"button\" aria-pressed=\"false\">\n              <span class=\"body-sm-bold\">\n                Learn More\n              <\/span>\n              <svg class=\"fill-black\" width=\"16\" height=\"16\" viewBox=\"0 0 16 16\" xmlns=\"http:\/\/www.w3.org\/2000\/svg\"\n  fill=\"currentColor\">\n  <path fill-rule=\"evenodd\" clip-rule=\"evenodd\"\n    d=\"M10.04 7.063 6.39 3.414 7.806 2l5.5 5.5.707.707-.707.707-5.5 5.5L6.391 13l3.937-3.937H2v-2h8.04z\" \/>\n<\/svg>            <\/button>\n          <\/div>\n        <\/div>\n              <div class=\"\">\n          \n<picture  class=\"w-full block aspect-square mb-24\">\n  <source media='(min-width: 834px)' srcset='https:\/\/lalgbtcenter.org\/app\/uploads\/2023\/08\/TerraRussell-Slavin-300x292-1.jpg 300w, https:\/\/lalgbtcenter.org\/app\/uploads\/2023\/08\/TerraRussell-Slavin-300x292-1-1x1.jpg 1w' sizes='50vw'>\n  <source media='(max-width: 834px)' srcset='https:\/\/lalgbtcenter.org\/app\/uploads\/2023\/08\/TerraRussell-Slavin-300x292-1.jpg 300w, https:\/\/lalgbtcenter.org\/app\/uploads\/2023\/08\/TerraRussell-Slavin-300x292-1-1x1.jpg 1w' sizes='92vw'>\n  <img class=\"w-full h-full object-cover rounded-10 object-cover\" src='https:\/\/lalgbtcenter.org\/app\/uploads\/2023\/08\/TerraRussell-Slavin-300x292-1.jpg' alt='' loading='lazy' \/>\n<\/picture>          <div class=\"flex flex-col md:flex-row gap-8 justify-between\">\n            <div>\n              <h3 class=\"heading-sm-bold leading-none\">Terra Russell-Slavin<\/h3>\n                              <p class=\"body-legal mt-8\">Directora de Impacto<\/p>\n                          <\/div>\n            <button data-toggle=\"modal\" data-target=\"#team-modal-8e047e51a0262a54c2dffb2274683c07\" class=\"mt-0 md:mt-4 w-fit h-fit flex flex-row gap-8 transition-all border-y-2 hover:border-b-black border-transparent\" role=\"button\" aria-pressed=\"false\">\n              <span class=\"body-sm-bold\">\n                Learn More\n              <\/span>\n              <svg class=\"fill-black\" width=\"16\" height=\"16\" viewBox=\"0 0 16 16\" xmlns=\"http:\/\/www.w3.org\/2000\/svg\"\n  fill=\"currentColor\">\n  <path fill-rule=\"evenodd\" clip-rule=\"evenodd\"\n    d=\"M10.04 7.063 6.39 3.414 7.806 2l5.5 5.5.707.707-.707.707-5.5 5.5L6.391 13l3.937-3.937H2v-2h8.04z\" \/>\n<\/svg>            <\/button>\n          <\/div>\n        <\/div>\n          <\/div>\n  <\/div>\n\n<!-- Modals -->\n  <div data-modal class=\"modal fade\" id=\"team-modal-4d883854d72e0b60688786f83fce9e7d\" tabindex=\"-1\" role=\"dialog\" aria-hidden=\"true\">\n    <div class=\"modal-dialog\" role=\"document\">\n      <div class=\"modal-content\">\n        <div class=\"modal-body\">\n          <div class=\"relative h-full w-full grid bg-black\/80 px-8 py-62\" tabindex=\"-1\">\n            <div class=\"m-auto h-fit max-h-[calc(100vh_-_124px)] max-w-[726px] px-32 py-16 md:p-40 rounded-8 bg-tanDark flex flex-col relative\">\n              <div class=\"w-full bg-tanDark\">\n                <button data-dismiss=\"modal\" class=\"h-16 -mr-16 md:mr-0 mb-8 cursor-pointer rounded-full flex items-center justify-center ml-auto\">\n                  <svg class=\"fill-black\" width=\"16\" height=\"16\" viewBox=\"0 0 16 16\" fill=\"currentColor\" xmlns=\"http:\/\/www.w3.org\/2000\/svg\">\n  <path fill-rule=\"evenodd\" clip-rule=\"evenodd\" d=\"M6.586 8 .003 14.583l1.414 1.414L8 9.414l6.583 6.583 1.414-1.414L9.414 8l6.583-6.583L14.583.003 8 6.586 1.417.003.003 1.417 6.586 8z\" \/>\n<\/svg>                  <span class=\"sr-only\">Close modal<\/span>\n                <\/button>\n                <h3 class=\"heading-md leading-none\">Joe Hollendoner<\/h3>\n                                  <p class=\"body-lg leading-none mt-8\">Consejero Delegado<\/p>\n                              <\/div>\n              <div class=\"rich-text overflow-auto child-p:!mb-24 mt-24 pr-10 -mr-10\">\n                <p>Lo m\u00e1s gratificante de trabajar en el Centro es ver el impacto que tenemos en nuestra comunidad. Ya sea paseando por el campus Anita May Rosenstein o visitando uno de nuestros centros comunitarios, como el Trans Wellness Center, veo la alegr\u00eda y la resistencia de nuestros clientes. La verdad es que no hay un solo d\u00eda en el que no sea testigo de c\u00f3mo un joven o un anciano que accede a nuestros servicios se ilumina porque puede ser \u00e9l mismo en un espacio dise\u00f1ado para atender sus necesidades espec\u00edficas. Es un recordatorio peri\u00f3dico para m\u00ed del honor y el privilegio que supone dirigir el Centro.<\/p>\n<p>Y aunque me duele saber que la demanda de servicios supera regularmente nuestra capacidad, tengo plena confianza en que el Centro seguir\u00e1 evolucionando para satisfacer las necesidades cambiantes y siempre crecientes de nuestra comunidad. El Consejo de Administraci\u00f3n y el personal se han comprometido a aprovechar el legado de los \u00faltimos 50 a\u00f1os y a seguir haciendo el mayor bien posible al mayor n\u00famero de personas.<\/p>\n              <\/div>\n            <\/div>\n          <\/div>\n        <\/div>\n      <\/div>\n    <\/div>\n  <\/div>\n  <div data-modal class=\"modal fade\" id=\"team-modal-c644332952f476c37daa950b502c850e\" tabindex=\"-1\" role=\"dialog\" aria-hidden=\"true\">\n    <div class=\"modal-dialog\" role=\"document\">\n      <div class=\"modal-content\">\n        <div class=\"modal-body\">\n          <div class=\"relative h-full w-full grid bg-black\/80 px-8 py-62\" tabindex=\"-1\">\n            <div class=\"m-auto h-fit max-h-[calc(100vh_-_124px)] max-w-[726px] px-32 py-16 md:p-40 rounded-8 bg-tanDark flex flex-col relative\">\n              <div class=\"w-full bg-tanDark\">\n                <button data-dismiss=\"modal\" class=\"h-16 -mr-16 md:mr-0 mb-8 cursor-pointer rounded-full flex items-center justify-center ml-auto\">\n                  <svg class=\"fill-black\" width=\"16\" height=\"16\" viewBox=\"0 0 16 16\" fill=\"currentColor\" xmlns=\"http:\/\/www.w3.org\/2000\/svg\">\n  <path fill-rule=\"evenodd\" clip-rule=\"evenodd\" d=\"M6.586 8 .003 14.583l1.414 1.414L8 9.414l6.583 6.583 1.414-1.414L9.414 8l6.583-6.583L14.583.003 8 6.586 1.417.003.003 1.417 6.586 8z\" \/>\n<\/svg>                  <span class=\"sr-only\">Close modal<\/span>\n                <\/button>\n                <h3 class=\"heading-md leading-none\">Saurabh Bajaj<\/h3>\n                                  <p class=\"body-lg leading-none mt-8\">Directora de Desarrollo<\/p>\n                              <\/div>\n              <div class=\"rich-text overflow-auto child-p:!mb-24 mt-24 pr-10 -mr-10\">\n                <p>Decid\u00ed muy pronto que s\u00f3lo quer\u00eda trabajar en organizaciones LGBTQ; sab\u00eda que quer\u00eda hacer cambios para y con la gente de mi comunidad. Empec\u00e9 en organizaciones de lucha contra el VIH en San Francisco y, m\u00e1s recientemente, pas\u00e9 dos a\u00f1os en Freedom for All Americans, que se centraba en garantizar protecciones contra la discriminaci\u00f3n en todo el pa\u00eds.<\/p>\n<p>Cuando lleg\u00f3 el momento de decidir cu\u00e1l ser\u00eda la siguiente fase de mi carrera, supe que quer\u00eda volver al servicio directo. Unirse al Centro LGBT de Los \u00c1ngeles ha sido como hacer realidad un sue\u00f1o. Nuestro trabajo no s\u00f3lo toca muchos temas que me interesan, sino que ha sido un placer trabajar con un equipo diverso de personas que realmente se preocupan por la salud y el bienestar de las personas LGBTQ en Los \u00c1ngeles y m\u00e1s all\u00e1.<\/p>\n              <\/div>\n            <\/div>\n          <\/div>\n        <\/div>\n      <\/div>\n    <\/div>\n  <\/div>\n  <div data-modal class=\"modal fade\" id=\"team-modal-f40fe967870174ded9323bae71c5ce50\" tabindex=\"-1\" role=\"dialog\" aria-hidden=\"true\">\n    <div class=\"modal-dialog\" role=\"document\">\n      <div class=\"modal-content\">\n        <div class=\"modal-body\">\n          <div class=\"relative h-full w-full grid bg-black\/80 px-8 py-62\" tabindex=\"-1\">\n            <div class=\"m-auto h-fit max-h-[calc(100vh_-_124px)] max-w-[726px] px-32 py-16 md:p-40 rounded-8 bg-tanDark flex flex-col relative\">\n              <div class=\"w-full bg-tanDark\">\n                <button data-dismiss=\"modal\" class=\"h-16 -mr-16 md:mr-0 mb-8 cursor-pointer rounded-full flex items-center justify-center ml-auto\">\n                  <svg class=\"fill-black\" width=\"16\" height=\"16\" viewBox=\"0 0 16 16\" fill=\"currentColor\" xmlns=\"http:\/\/www.w3.org\/2000\/svg\">\n  <path fill-rule=\"evenodd\" clip-rule=\"evenodd\" d=\"M6.586 8 .003 14.583l1.414 1.414L8 9.414l6.583 6.583 1.414-1.414L9.414 8l6.583-6.583L14.583.003 8 6.586 1.417.003.003 1.417 6.586 8z\" \/>\n<\/svg>                  <span class=\"sr-only\">Close modal<\/span>\n                <\/button>\n                <h3 class=\"heading-md leading-none\">Sharon Brown<\/h3>\n                                  <p class=\"body-lg leading-none mt-8\">Directora de Impacto<\/p>\n                              <\/div>\n              <div class=\"rich-text overflow-auto child-p:!mb-24 mt-24 pr-10 -mr-10\">\n                <p>Siempre digo que he crecido con el Centro. Empec\u00e9 aqu\u00ed hace 15 a\u00f1os como voluntaria y luego fui ascendiendo. En ese tiempo, he visto crecer la organizaci\u00f3n de 230 empleados a triplicar esa cifra en la actualidad. He visto c\u00f3mo nuestra cultura interna evolucionaba con el tiempo, permitiendo a la gente aportar m\u00e1s de su aut\u00e9ntico yo al trabajo. Y he visto lo importante que es nuestro trabajo para impulsar el movimiento LGBTQ.<\/p>\n<p>Pero por mucho que hayamos avanzado -y por mucho que tengamos que avanzar-, nuestros corazones siguen latiendo al mismo ritmo de defensa. De cara a la pr\u00f3xima era, sigo tan ilusionado como siempre por continuar nuestra marcha hacia un futuro en el que todas las personas LGBTQ puedan prosperar como miembros sanos, iguales y completos de la sociedad.<\/p>\n              <\/div>\n            <\/div>\n          <\/div>\n        <\/div>\n      <\/div>\n    <\/div>\n  <\/div>\n  <div data-modal class=\"modal fade\" id=\"team-modal-fc0aafd651946d038137a3b480c2e639\" tabindex=\"-1\" role=\"dialog\" aria-hidden=\"true\">\n    <div class=\"modal-dialog\" role=\"document\">\n      <div class=\"modal-content\">\n        <div class=\"modal-body\">\n          <div class=\"relative h-full w-full grid bg-black\/80 px-8 py-62\" tabindex=\"-1\">\n            <div class=\"m-auto h-fit max-h-[calc(100vh_-_124px)] max-w-[726px] px-32 py-16 md:p-40 rounded-8 bg-tanDark flex flex-col relative\">\n              <div class=\"w-full bg-tanDark\">\n                <button data-dismiss=\"modal\" class=\"h-16 -mr-16 md:mr-0 mb-8 cursor-pointer rounded-full flex items-center justify-center ml-auto\">\n                  <svg class=\"fill-black\" width=\"16\" height=\"16\" viewBox=\"0 0 16 16\" fill=\"currentColor\" xmlns=\"http:\/\/www.w3.org\/2000\/svg\">\n  <path fill-rule=\"evenodd\" clip-rule=\"evenodd\" d=\"M6.586 8 .003 14.583l1.414 1.414L8 9.414l6.583 6.583 1.414-1.414L9.414 8l6.583-6.583L14.583.003 8 6.586 1.417.003.003 1.417 6.586 8z\" \/>\n<\/svg>                  <span class=\"sr-only\">Close modal<\/span>\n                <\/button>\n                <h3 class=\"heading-md leading-none\">Dr. Ward Carpenter<\/h3>\n                                  <p class=\"body-lg leading-none mt-8\">Jefe de Sanidad<\/p>\n                              <\/div>\n              <div class=\"rich-text overflow-auto child-p:!mb-24 mt-24 pr-10 -mr-10\">\n                <p>La funci\u00f3n del Director de Salud es supervisar todas las actividades del Centro de Salud y garantizar la integraci\u00f3n con la labor m\u00e1s amplia del Centro. Mi trabajo consiste en asegurarme de que innovamos y creamos programas receptivos que realmente satisfagan las necesidades de todos nuestros clientes y de la comunidad.<\/p>\n<p>Es un momento emocionante para ayudar a dirigir la organizaci\u00f3n porque parece que el futuro est\u00e1 llegando. Nos estamos convirtiendo en algo mejor de lo que nunca hemos sido hasta ahora. Estamos a punto de prestar servicios de categor\u00eda mundial en todas nuestras l\u00edneas de servicio a los clientes y comunidades que nos necesitan. Y esto coincide con mi misi\u00f3n personal de querer crear un mundo mejor para mi comunidad homosexual. Esta comunidad me ha dado mucho y espero devolverle todo lo que pueda.<\/p>\n              <\/div>\n            <\/div>\n          <\/div>\n        <\/div>\n      <\/div>\n    <\/div>\n  <\/div>\n  <div data-modal class=\"modal fade\" id=\"team-modal-fff079091fab64095f9cad3298f1057a\" tabindex=\"-1\" role=\"dialog\" aria-hidden=\"true\">\n    <div class=\"modal-dialog\" role=\"document\">\n      <div class=\"modal-content\">\n        <div class=\"modal-body\">\n          <div class=\"relative h-full w-full grid bg-black\/80 px-8 py-62\" tabindex=\"-1\">\n            <div class=\"m-auto h-fit max-h-[calc(100vh_-_124px)] max-w-[726px] px-32 py-16 md:p-40 rounded-8 bg-tanDark flex flex-col relative\">\n              <div class=\"w-full bg-tanDark\">\n                <button data-dismiss=\"modal\" class=\"h-16 -mr-16 md:mr-0 mb-8 cursor-pointer rounded-full flex items-center justify-center ml-auto\">\n                  <svg class=\"fill-black\" width=\"16\" height=\"16\" viewBox=\"0 0 16 16\" fill=\"currentColor\" xmlns=\"http:\/\/www.w3.org\/2000\/svg\">\n  <path fill-rule=\"evenodd\" clip-rule=\"evenodd\" d=\"M6.586 8 .003 14.583l1.414 1.414L8 9.414l6.583 6.583 1.414-1.414L9.414 8l6.583-6.583L14.583.003 8 6.586 1.417.003.003 1.417 6.586 8z\" \/>\n<\/svg>                  <span class=\"sr-only\">Close modal<\/span>\n                <\/button>\n                <h3 class=\"heading-md leading-none\">Ricardo DeLeon<\/h3>\n                                  <p class=\"body-lg leading-none mt-8\">Director Financiero<\/p>\n                              <\/div>\n              <div class=\"rich-text overflow-auto child-p:!mb-24 mt-24 pr-10 -mr-10\">\n                <p>Antes de incorporarme al Centro, pas\u00e9 m\u00e1s de 25 a\u00f1os en el mundo de la empresa construyendo una carrera como ejecutivo financiero. Fue en el verano de 2020, mientras el mundo cambiaba a nuestro alrededor, cuando empec\u00e9 a sentirme infrautilizado. En aquel momento no estaba buscando activamente un nuevo puesto, pero cuando se present\u00f3 la oportunidad de unirme al Centro, no dud\u00e9 en aprovecharla.<\/p>\n<p>Lo que he llegado a comprender es que la amplitud y profundidad de los servicios del Centro van incluso m\u00e1s all\u00e1 de lo que yo sab\u00eda. Desde la vivienda y la atenci\u00f3n sanitaria hasta los grupos sociales y las artes culturales, los servicios y beneficios para nuestros clientes y miembros del equipo van mucho m\u00e1s all\u00e1 de mi comprensi\u00f3n inicial. Pero en un equipo con tanto talento como el nuestro siempre hay margen para crecer, y mi objetivo es asegurarme de que tenemos una base s\u00f3lida para el \u00e9xito.<\/p>\n              <\/div>\n            <\/div>\n          <\/div>\n        <\/div>\n      <\/div>\n    <\/div>\n  <\/div>\n  <div data-modal class=\"modal fade\" id=\"team-modal-d6f7f74d07995f27a5aaaf156579a650\" tabindex=\"-1\" role=\"dialog\" aria-hidden=\"true\">\n    <div class=\"modal-dialog\" role=\"document\">\n      <div class=\"modal-content\">\n        <div class=\"modal-body\">\n          <div class=\"relative h-full w-full grid bg-black\/80 px-8 py-62\" tabindex=\"-1\">\n            <div class=\"m-auto h-fit max-h-[calc(100vh_-_124px)] max-w-[726px] px-32 py-16 md:p-40 rounded-8 bg-tanDark flex flex-col relative\">\n              <div class=\"w-full bg-tanDark\">\n                <button data-dismiss=\"modal\" class=\"h-16 -mr-16 md:mr-0 mb-8 cursor-pointer rounded-full flex items-center justify-center ml-auto\">\n                  <svg class=\"fill-black\" width=\"16\" height=\"16\" viewBox=\"0 0 16 16\" fill=\"currentColor\" xmlns=\"http:\/\/www.w3.org\/2000\/svg\">\n  <path fill-rule=\"evenodd\" clip-rule=\"evenodd\" d=\"M6.586 8 .003 14.583l1.414 1.414L8 9.414l6.583 6.583 1.414-1.414L9.414 8l6.583-6.583L14.583.003 8 6.586 1.417.003.003 1.417 6.586 8z\" \/>\n<\/svg>                  <span class=\"sr-only\">Close modal<\/span>\n                <\/button>\n                <h3 class=\"heading-md leading-none\">Gerald Garth<\/h3>\n                                  <p class=\"body-lg leading-none mt-8\">Directora de Diversidad, Igualdad e Inclusi\u00f3n<\/p>\n                              <\/div>\n              <div class=\"rich-text overflow-auto child-p:!mb-24 mt-24 pr-10 -mr-10\">\n                <p>Mi funci\u00f3n en el Centro consiste en examinar en toda la organizaci\u00f3n c\u00f3mo estamos dando prioridad a la equidad en diversas capacidades. Desde la raza al g\u00e9nero, pasando por la clase social, el capacitismo, la visibilidad y tantas otras capacidades, mi trabajo consiste en identificar \u00e1reas clave de mejora, momentos de activaci\u00f3n y oportunidades para crear un cambio cultural.<\/p>\n<p>Lo que m\u00e1s me entusiasma de este puesto es el equipo. El equipo del Centro est\u00e1 formado por mucha gente estupenda que realmente quiere asegurarse de que todo el mundo tenga un acceso equitativo no s\u00f3lo a la atenci\u00f3n y los servicios, sino tambi\u00e9n a las oportunidades. Todos nos comprometemos a velar por que nuestras pol\u00edticas, pr\u00e1cticas y procedimientos se ajusten a estos valores en nuestro empe\u00f1o por elevar el trabajo del Centro y los relatos de nuestras comunidades.<\/p>\n              <\/div>\n            <\/div>\n          <\/div>\n        <\/div>\n      <\/div>\n    <\/div>\n  <\/div>\n  <div data-modal class=\"modal fade\" id=\"team-modal-b887f82284199f5553f5cf0d1453bd1d\" tabindex=\"-1\" role=\"dialog\" aria-hidden=\"true\">\n    <div class=\"modal-dialog\" role=\"document\">\n      <div class=\"modal-content\">\n        <div class=\"modal-body\">\n          <div class=\"relative h-full w-full grid bg-black\/80 px-8 py-62\" tabindex=\"-1\">\n            <div class=\"m-auto h-fit max-h-[calc(100vh_-_124px)] max-w-[726px] px-32 py-16 md:p-40 rounded-8 bg-tanDark flex flex-col relative\">\n              <div class=\"w-full bg-tanDark\">\n                <button data-dismiss=\"modal\" class=\"h-16 -mr-16 md:mr-0 mb-8 cursor-pointer rounded-full flex items-center justify-center ml-auto\">\n                  <svg class=\"fill-black\" width=\"16\" height=\"16\" viewBox=\"0 0 16 16\" fill=\"currentColor\" xmlns=\"http:\/\/www.w3.org\/2000\/svg\">\n  <path fill-rule=\"evenodd\" clip-rule=\"evenodd\" d=\"M6.586 8 .003 14.583l1.414 1.414L8 9.414l6.583 6.583 1.414-1.414L9.414 8l6.583-6.583L14.583.003 8 6.586 1.417.003.003 1.417 6.586 8z\" \/>\n<\/svg>                  <span class=\"sr-only\">Close modal<\/span>\n                <\/button>\n                <h3 class=\"heading-md leading-none\">Phillip Picardi<\/h3>\n                                  <p class=\"body-lg leading-none mt-8\">Directora de Marketing y Comunicaci\u00f3n<\/p>\n                              <\/div>\n              <div class=\"rich-text overflow-auto child-p:!mb-24 mt-24 pr-10 -mr-10\">\n                <p>Antes de incorporarme al Centro, trabaj\u00e9 en el campo de las revistas y los medios digitales durante m\u00e1s de una d\u00e9cada. Aunque creo en el poder del periodismo, me cans\u00e9 de ser un espectador del trabajo. Estoy aqu\u00ed para hacer el trabajo.<\/p>\n<p>Mi misi\u00f3n es encontrar una forma concisa e impactante de contar la historia del Centro y difundir nuestro mensaje m\u00e1s all\u00e1 del condado de Los \u00c1ngeles para que nuestros incre\u00edbles proveedores de servicios obtengan el reconocimiento y el respeto que merecen. Me encanta escuchar a la gente que lleva aqu\u00ed m\u00e1s de 10, 15 o 20 a\u00f1os. Admiro a cualquiera que haya dedicado su vida a ayudar a su comunidad, o a ayudar a una comunidad a la que se sinti\u00f3 llamado a servir. Espero ayudar a transformar nuestra identidad visual, nuestro marketing digital y nuestra presencia en las redes sociales para que se nos vea y se nos oiga tan bien como s\u00e9 que somos.<\/p>\n              <\/div>\n            <\/div>\n          <\/div>\n        <\/div>\n      <\/div>\n    <\/div>\n  <\/div>\n  <div data-modal class=\"modal fade\" id=\"team-modal-8e047e51a0262a54c2dffb2274683c07\" tabindex=\"-1\" role=\"dialog\" aria-hidden=\"true\">\n    <div class=\"modal-dialog\" role=\"document\">\n      <div class=\"modal-content\">\n        <div class=\"modal-body\">\n          <div class=\"relative h-full w-full grid bg-black\/80 px-8 py-62\" tabindex=\"-1\">\n            <div class=\"m-auto h-fit max-h-[calc(100vh_-_124px)] max-w-[726px] px-32 py-16 md:p-40 rounded-8 bg-tanDark flex flex-col relative\">\n              <div class=\"w-full bg-tanDark\">\n                <button data-dismiss=\"modal\" class=\"h-16 -mr-16 md:mr-0 mb-8 cursor-pointer rounded-full flex items-center justify-center ml-auto\">\n                  <svg class=\"fill-black\" width=\"16\" height=\"16\" viewBox=\"0 0 16 16\" fill=\"currentColor\" xmlns=\"http:\/\/www.w3.org\/2000\/svg\">\n  <path fill-rule=\"evenodd\" clip-rule=\"evenodd\" d=\"M6.586 8 .003 14.583l1.414 1.414L8 9.414l6.583 6.583 1.414-1.414L9.414 8l6.583-6.583L14.583.003 8 6.586 1.417.003.003 1.417 6.586 8z\" \/>\n<\/svg>                  <span class=\"sr-only\">Close modal<\/span>\n                <\/button>\n                <h3 class=\"heading-md leading-none\">Terra Russell-Slavin<\/h3>\n                                  <p class=\"body-lg leading-none mt-8\">Directora de Impacto<\/p>\n                              <\/div>\n              <div class=\"rich-text overflow-auto child-p:!mb-24 mt-24 pr-10 -mr-10\">\n                <p>Me encanta mi trabajo. Es un privilegio incre\u00edble observar un reto sist\u00e9mico al que se enfrenta nuestra comunidad y tener la capacidad y el acceso para abogar por el cambio. A veces es tan sencillo como desplazar una casilla en un documento, y otras se trata de cambiar toda una ley federal. En el Centro tenemos la capacidad de hacer que esas cosas sucedan.<\/p>\n<p>Una de las cosas que m\u00e1s me apasionan es asegurarme de que nuestra organizaci\u00f3n est\u00e9 a la vanguardia de los esfuerzos por la justicia social. Es muy importante que veamos c\u00f3mo las necesidades de la comunidad LGBTQ se solapan con otras cuestiones como la justicia reproductiva o la justicia racial. \u00bfNos mantenemos firmes en nuestros compromisos sobre estas cuestiones? Tenemos un deber para con cada uno de los miembros de nuestra comunidad y debemos trabajar juntos para proteger los derechos de las generaciones futuras.<\/p>\n              <\/div>\n            <\/div>\n          <\/div>\n        <\/div>\n      <\/div>\n    <\/div>\n  <\/div>\n<\/section>","protected":false},"excerpt":{"rendered":"<p>Joe Hollendoner asumi\u00f3 el cargo de Director General del Centro LGBT de Los \u00c1ngeles en julio de 2022.<\/p>\n","protected":false},"author":34,"featured_media":20817,"comment_status":"closed","ping_status":"closed","sticky":false,"template":"","format":"standard","meta":{"footnotes":""},"categories":[130],"tags":[],"class_list":["post-22302","post","type-post","status-publish","format-standard","has-post-thumbnail","hentry","category-historias-del-centro"],"metadata":{"_encloseme":["1"],"_sbi_oembed_done_checking":["1"],"_yoast_wpseo_primary_category":["64"],"_top_nav_excluded":[""],"_cms_nav_minihome":[""],"_yoast_wpseo_metadesc":["Joe Hollendoner asumi\u00f3 el cargo de Director General del Centro LGBT de Los \u00c1ngeles en julio de 2022."],"_thumbnail_id":["20817"],"_last_translation_edit_mode":["translation-editor"],"_wpml_word_count":["{\"total\":50,\"to_translate\":{\"en\":50}}"]},"acf":[],"yoast_head":"<!-- This site is optimized with the Yoast SEO plugin v20.13 - https:\/\/yoast.com\/wordpress\/plugins\/seo\/ -->\n<title>Conozca al nuevo equipo directivo del Centro - Los Angeles LGBT Center<\/title>\n<meta name=\"description\" content=\"Joe Hollendoner asumi\u00f3 el cargo de Director General del Centro LGBT de Los \u00c1ngeles en julio de 2022.\" \/>\n<meta name=\"robots\" content=\"index, follow, max-snippet:-1, max-image-preview:large, max-video-preview:-1\" \/>\n<link rel=\"canonical\" href=\"https:\/\/lalgbtcenter.org\/es\/vanguard\/conozca-al-nuevo-equipo-directivo-del-centro\/\" \/>\n<meta property=\"og:locale\" content=\"es_ES\" \/>\n<meta property=\"og:type\" content=\"article\" \/>\n<meta property=\"og:title\" content=\"Conozca al nuevo equipo directivo del Centro - Los Angeles LGBT Center\" \/>\n<meta property=\"og:description\" content=\"Joe Hollendoner asumi\u00f3 el cargo de Director General del Centro LGBT de Los \u00c1ngeles en julio de 2022.\" \/>\n<meta property=\"og:url\" content=\"https:\/\/lalgbtcenter.org\/es\/vanguard\/conozca-al-nuevo-equipo-directivo-del-centro\/\" \/>\n<meta property=\"og:site_name\" content=\"Los Angeles LGBT Center\" \/>\n<meta property=\"article:published_time\" content=\"2022-09-28T23:51:00+00:00\" \/>\n<meta property=\"article:modified_time\" content=\"2024-04-10T13:08:50+00:00\" \/>\n<meta property=\"og:image\" content=\"https:\/\/lalgbtcenter.org\/app\/uploads\/2023\/06\/LALGBT-Center-Joe-Hollendoner.jpg\" \/>\n\t<meta property=\"og:image:width\" content=\"768\" \/>\n\t<meta property=\"og:image:height\" content=\"768\" \/>\n\t<meta property=\"og:image:type\" content=\"image\/jpeg\" \/>\n<meta name=\"author\" content=\"Los Angeles LGBT Center\" \/>\n<meta name=\"twitter:card\" content=\"summary_large_image\" \/>\n<meta name=\"twitter:label1\" content=\"Written by\" \/>\n\t<meta name=\"twitter:data1\" content=\"Los Angeles LGBT Center\" \/>\n<script type=\"application\/ld+json\" class=\"yoast-schema-graph\">{\"@context\":\"https:\/\/schema.org\",\"@graph\":[{\"@type\":\"WebPage\",\"@id\":\"https:\/\/lalgbtcenter.org\/es\/vanguard\/conozca-al-nuevo-equipo-directivo-del-centro\/\",\"url\":\"https:\/\/lalgbtcenter.org\/es\/vanguard\/conozca-al-nuevo-equipo-directivo-del-centro\/\",\"name\":\"Conozca al nuevo equipo directivo del Centro - Los Angeles LGBT Center\",\"isPartOf\":{\"@id\":\"https:\/\/dev-lalgbtcenter.pantheonsite.io\/#website\"},\"datePublished\":\"2022-09-28T23:51:00+00:00\",\"dateModified\":\"2024-04-10T13:08:50+00:00\",\"author\":{\"@id\":\"https:\/\/dev-lalgbtcenter.pantheonsite.io\/#\/schema\/person\/3acd98dfad8b1d0682eb931a3d38707a\"},\"description\":\"Joe Hollendoner asumi\u00f3 el cargo de Director General del Centro LGBT de Los \u00c1ngeles en julio de 2022.\",\"inLanguage\":\"es-ES\",\"potentialAction\":[{\"@type\":\"ReadAction\",\"target\":[\"https:\/\/lalgbtcenter.org\/es\/vanguard\/conozca-al-nuevo-equipo-directivo-del-centro\/\"]}]},{\"@type\":\"WebSite\",\"@id\":\"https:\/\/dev-lalgbtcenter.pantheonsite.io\/#website\",\"url\":\"https:\/\/dev-lalgbtcenter.pantheonsite.io\/\",\"name\":\"Los Angeles LGBT Center\",\"description\":\"\",\"potentialAction\":[{\"@type\":\"SearchAction\",\"target\":{\"@type\":\"EntryPoint\",\"urlTemplate\":\"https:\/\/dev-lalgbtcenter.pantheonsite.io\/?s={search_term_string}\"},\"query-input\":\"required name=search_term_string\"}],\"inLanguage\":\"es-ES\"},{\"@type\":\"Person\",\"@id\":\"https:\/\/dev-lalgbtcenter.pantheonsite.io\/#\/schema\/person\/3acd98dfad8b1d0682eb931a3d38707a\",\"name\":\"Los Angeles LGBT Center\",\"image\":{\"@type\":\"ImageObject\",\"inLanguage\":\"es-ES\",\"@id\":\"https:\/\/dev-lalgbtcenter.pantheonsite.io\/#\/schema\/person\/image\/\",\"url\":\"https:\/\/lalgbtcenter.org\/wp-content\/uploads\/2023\/08\/cropped-los-angeles-lgbt-center-96x96.png\",\"contentUrl\":\"https:\/\/lalgbtcenter.org\/wp-content\/uploads\/2023\/08\/cropped-los-angeles-lgbt-center-96x96.png\",\"caption\":\"Los Angeles LGBT Center\"},\"url\":\"https:\/\/lalgbtcenter.org\/es\/vanguard\/author\/lalgbtcenter\/\"}]}<\/script>\n<!-- \/ Yoast SEO plugin. -->","yoast_head_json":{"title":"Conozca al nuevo equipo directivo del Centro - Los Angeles LGBT Center","description":"Joe Hollendoner asumi\u00f3 el cargo de Director General del Centro LGBT de Los \u00c1ngeles en julio de 2022.","robots":{"index":"index","follow":"follow","max-snippet":"max-snippet:-1","max-image-preview":"max-image-preview:large","max-video-preview":"max-video-preview:-1"},"canonical":"https:\/\/lalgbtcenter.org\/es\/vanguard\/conozca-al-nuevo-equipo-directivo-del-centro\/","og_locale":"es_ES","og_type":"article","og_title":"Conozca al nuevo equipo directivo del Centro - Los Angeles LGBT Center","og_description":"Joe Hollendoner asumi\u00f3 el cargo de Director General del Centro LGBT de Los \u00c1ngeles en julio de 2022.","og_url":"https:\/\/lalgbtcenter.org\/es\/vanguard\/conozca-al-nuevo-equipo-directivo-del-centro\/","og_site_name":"Los Angeles LGBT Center","article_published_time":"2022-09-28T23:51:00+00:00","article_modified_time":"2024-04-10T13:08:50+00:00","og_image":[{"width":768,"height":768,"url":"https:\/\/lalgbtcenter.org\/app\/uploads\/2023\/06\/LALGBT-Center-Joe-Hollendoner.jpg","type":"image\/jpeg"}],"author":"Los Angeles LGBT Center","twitter_card":"summary_large_image","twitter_misc":{"Written by":"Los Angeles LGBT Center"},"schema":{"@context":"https:\/\/schema.org","@graph":[{"@type":"WebPage","@id":"https:\/\/lalgbtcenter.org\/es\/vanguard\/conozca-al-nuevo-equipo-directivo-del-centro\/","url":"https:\/\/lalgbtcenter.org\/es\/vanguard\/conozca-al-nuevo-equipo-directivo-del-centro\/","name":"Conozca al nuevo equipo directivo del Centro - Los Angeles LGBT Center","isPartOf":{"@id":"https:\/\/dev-lalgbtcenter.pantheonsite.io\/#website"},"datePublished":"2022-09-28T23:51:00+00:00","dateModified":"2024-04-10T13:08:50+00:00","author":{"@id":"https:\/\/dev-lalgbtcenter.pantheonsite.io\/#\/schema\/person\/3acd98dfad8b1d0682eb931a3d38707a"},"description":"Joe Hollendoner asumi\u00f3 el cargo de Director General del Centro LGBT de Los \u00c1ngeles en julio de 2022.","inLanguage":"es-ES","potentialAction":[{"@type":"ReadAction","target":["https:\/\/lalgbtcenter.org\/es\/vanguard\/conozca-al-nuevo-equipo-directivo-del-centro\/"]}]},{"@type":"WebSite","@id":"https:\/\/dev-lalgbtcenter.pantheonsite.io\/#website","url":"https:\/\/dev-lalgbtcenter.pantheonsite.io\/","name":"Los Angeles LGBT Center","description":"","potentialAction":[{"@type":"SearchAction","target":{"@type":"EntryPoint","urlTemplate":"https:\/\/dev-lalgbtcenter.pantheonsite.io\/?s={search_term_string}"},"query-input":"required name=search_term_string"}],"inLanguage":"es-ES"},{"@type":"Person","@id":"https:\/\/dev-lalgbtcenter.pantheonsite.io\/#\/schema\/person\/3acd98dfad8b1d0682eb931a3d38707a","name":"Los Angeles LGBT Center","image":{"@type":"ImageObject","inLanguage":"es-ES","@id":"https:\/\/dev-lalgbtcenter.pantheonsite.io\/#\/schema\/person\/image\/","url":"https:\/\/lalgbtcenter.org\/wp-content\/uploads\/2023\/08\/cropped-los-angeles-lgbt-center-96x96.png","contentUrl":"https:\/\/lalgbtcenter.org\/wp-content\/uploads\/2023\/08\/cropped-los-angeles-lgbt-center-96x96.png","caption":"Los Angeles LGBT Center"},"url":"https:\/\/lalgbtcenter.org\/es\/vanguard\/author\/lalgbtcenter\/"}]}},"_links":{"self":[{"href":"https:\/\/lalgbtcenter.org\/es\/wp-json\/wp\/v2\/posts\/22302"}],"collection":[{"href":"https:\/\/lalgbtcenter.org\/es\/wp-json\/wp\/v2\/posts"}],"about":[{"href":"https:\/\/lalgbtcenter.org\/es\/wp-json\/wp\/v2\/types\/post"}],"author":[{"embeddable":true,"href":"https:\/\/lalgbtcenter.org\/es\/wp-json\/wp\/v2\/users\/34"}],"replies":[{"embeddable":true,"href":"https:\/\/lalgbtcenter.org\/es\/wp-json\/wp\/v2\/comments?post=22302"}],"version-history":[{"count":1,"href":"https:\/\/lalgbtcenter.org\/es\/wp-json\/wp\/v2\/posts\/22302\/revisions"}],"predecessor-version":[{"id":22307,"href":"https:\/\/lalgbtcenter.org\/es\/wp-json\/wp\/v2\/posts\/22302\/revisions\/22307"}],"wp:featuredmedia":[{"embeddable":true,"href":"https:\/\/lalgbtcenter.org\/es\/wp-json\/wp\/v2\/media\/20817"}],"wp:attachment":[{"href":"https:\/\/lalgbtcenter.org\/es\/wp-json\/wp\/v2\/media?parent=22302"}],"wp:term":[{"taxonomy":"category","embeddable":true,"href":"https:\/\/lalgbtcenter.org\/es\/wp-json\/wp\/v2\/categories?post=22302"},{"taxonomy":"post_tag","embeddable":true,"href":"https:\/\/lalgbtcenter.org\/es\/wp-json\/wp\/v2\/tags?post=22302"}],"curies":[{"name":"wp","href":"https:\/\/api.w.org\/{rel}","templated":true}]}}