{"id":22284,"date":"2022-12-12T20:12:00","date_gmt":"2022-12-13T04:12:00","guid":{"rendered":"https:\/\/lalgbtcenter.org\/vanguard\/corta-corta-carino\/"},"modified":"2024-04-10T06:08:50","modified_gmt":"2024-04-10T13:08:50","slug":"corta-corta-carino","status":"publish","type":"post","link":"https:\/\/lalgbtcenter.org\/es\/vanguard\/corta-corta-carino\/","title":{"rendered":"\u00a1Corta, corta, cari\u00f1o!"},"content":{"rendered":"\n<p>Los viernes en el Centro Juvenil del Centro LGBT de Los \u00c1ngeles han sido bautizados como &#8220;Viernes de pizza&#8221; gracias a la generosidad del restaurante de Beverly Grove, Bobby&#8217;s Pizzeria. En asociaci\u00f3n con Shrine Trust desde 2020, la pizzer\u00eda ha donado cientos de pizzas para ayudar a alimentar a los j\u00f3venes LGBTQ+.<\/p>\n\n<p>&#8220;Los j\u00f3venes hacen cola literalmente cada viernes para conseguir su porci\u00f3n favorita&#8221;, afirma Orville Ranglin, Supervisor del Programa de Servicios a la Juventud. &#8220;Es una forma divertida de reunirnos y ayudar a alimentar a los j\u00f3venes, muchos de los cuales no tienen vivienda o carecen de cuidador. Y es un bonito regalo para nuestro personal, que trabaja tan duro para atenderlos.&#8221;<\/p>\n\n<p>El Centro Juvenil recibe cada semana 15 pizzas variadas, incluidas opciones vegetarianas y veganas. Bobby Alt, propietario de Bobby&#8217;s Pizzeria, suele repartir \u00e9l mismo las tartas.<\/p>\n\n<figure class=\"wp-block-image size-large\"><img loading=\"lazy\" decoding=\"async\" width=\"1024\" height=\"728\" src=\"https:\/\/lalgbtcenter.org\/wp-content\/uploads\/2023\/06\/Bobbys-Pizzeria-pizzas-1024x728.jpg\" alt=\"\" class=\"wp-image-13748\" srcset=\"https:\/\/lalgbtcenter.org\/app\/uploads\/2023\/06\/Bobbys-Pizzeria-pizzas-1024x728.jpg 1024w, https:\/\/lalgbtcenter.org\/app\/uploads\/2023\/06\/Bobbys-Pizzeria-pizzas-300x213.jpg 300w, https:\/\/lalgbtcenter.org\/app\/uploads\/2023\/06\/Bobbys-Pizzeria-pizzas-768x546.jpg 768w, https:\/\/lalgbtcenter.org\/app\/uploads\/2023\/06\/Bobbys-Pizzeria-pizzas-1x1.jpg 1w, https:\/\/lalgbtcenter.org\/app\/uploads\/2023\/06\/Bobbys-Pizzeria-pizzas-770x547.jpg 770w, https:\/\/lalgbtcenter.org\/app\/uploads\/2023\/06\/Bobbys-Pizzeria-pizzas-850x604.jpg 850w, https:\/\/lalgbtcenter.org\/app\/uploads\/2023\/06\/Bobbys-Pizzeria-pizzas-910x647.jpg 910w, https:\/\/lalgbtcenter.org\/app\/uploads\/2023\/06\/Bobbys-Pizzeria-pizzas.jpg 1043w\" sizes=\"(max-width: 1024px) 100vw, 1024px\" \/><\/figure>\n\n<p>&#8220;Cada vez que hago una entrega, todo el mundo nos aprecia y se emociona al vernos&#8221;, afirma Alt. &#8220;Es agradable ver personalmente que tiene un impacto. El Centro hace mucho por estos ni\u00f1os, pero los \u00faltimos a\u00f1os han sido dif\u00edciles para todos nosotros. As\u00ed que, si puedo ayudar a poner una sonrisa en la cara de la gente y hacer que su semana sea un poco mejor, eso me hace muy feliz.&#8221;<\/p>\n\n<blockquote class=\"wp-block-quote is-layout-flow wp-block-quote-is-layout-flow\">\n<p>El viernes de pizza es siempre uno de los momentos culminantes de la semana para nuestros socios; en cuanto llega la hora de comer, hacen cola para preguntar cu\u00e1ndo llegan las pizzas&#8221;.<\/p>\n<cite>Defensor de los j\u00f3venes Sam Martin<\/cite><\/blockquote>\n\n<p>Adem\u00e1s de regentar su restaurante, Alt tambi\u00e9n act\u00faa como bater\u00eda con su banda Street Drum Corps. Antes de la pandemia, el grupo retribu\u00eda a la comunidad actuando en actos ben\u00e9ficos y otros eventos de la ciudad.<\/p>\n\n<p>&#8220;Siempre quiero hacer algo que inspire a los ni\u00f1os y les d\u00e9 un poco de emoci\u00f3n&#8221;, dijo Alt.<\/p>\n\n<p>La hija de Alt, de siete a\u00f1os, le acompa\u00f1a a menudo en las entregas, lo que le da la oportunidad de ver de primera mano parte del trabajo que realiza el Centro y el impacto que ese trabajo tiene en las vidas de los j\u00f3venes locales.<\/p>\n\n<p>&#8220;Siempre hace preguntas sobre los ni\u00f1os y el Centro&#8221;, dice Alt. &#8220;Ve a algunos de estos ni\u00f1os que han sido desplazados s\u00f3lo por ser quienes son, y no se lo puede creer. Espero que esto le ense\u00f1e lo importante que es mostrar compasi\u00f3n y devolver algo a la comunidad&#8221;.<\/p>\n\n\n<section class=\"w-full my-48 md:my-64\">\n  \n<div class=\"relative\">\n  <h2 class=\"!pl-0 !heading-md mb-16 md:mb-24\">Seguir leyendo<\/h2>\n  <div class=\"grid grid-cols-1 md:grid-cols-2 gap-26 md:gap-32\">\n          \n<a href=\"https:\/\/lalgbtcenter.org\/es\/vanguard\/la-marcha-del-domingo-de-resurreccion-atrae-a-miles-de-personas-para-protestar-contra-la-legislacion-anti-lgbtq\/\" class=\"!no-underline h-full\">\n  <div class=\"bg-white rounded-10 p-12 pb-10 md:pb-14 h-full transition-shadow hover:shadow-lightPurple\">\n          \n<picture  class=\"w-full aspect-video object-cover\">\n  <source media='(min-width: 834px)' srcset='https:\/\/lalgbtcenter.org\/app\/uploads\/2023\/06\/Drag-March-2023-Speaker-1024x683.jpg 1024w, https:\/\/lalgbtcenter.org\/app\/uploads\/2023\/06\/Drag-March-2023-Speaker-300x200.jpg 300w, https:\/\/lalgbtcenter.org\/app\/uploads\/2023\/06\/Drag-March-2023-Speaker-768x512.jpg 768w, https:\/\/lalgbtcenter.org\/app\/uploads\/2023\/06\/Drag-March-2023-Speaker-1x1.jpg 1w, https:\/\/lalgbtcenter.org\/app\/uploads\/2023\/06\/Drag-March-2023-Speaker-770x513.jpg 770w, https:\/\/lalgbtcenter.org\/app\/uploads\/2023\/06\/Drag-March-2023-Speaker-850x567.jpg 850w, https:\/\/lalgbtcenter.org\/app\/uploads\/2023\/06\/Drag-March-2023-Speaker-910x607.jpg 910w, https:\/\/lalgbtcenter.org\/app\/uploads\/2023\/06\/Drag-March-2023-Speaker-1100x733.jpg 1100w, https:\/\/lalgbtcenter.org\/app\/uploads\/2023\/06\/Drag-March-2023-Speaker-1200x800.jpg 1200w, https:\/\/lalgbtcenter.org\/app\/uploads\/2023\/06\/Drag-March-2023-Speaker-1460x973.jpg 1460w, https:\/\/lalgbtcenter.org\/app\/uploads\/2023\/06\/Drag-March-2023-Speaker.jpg 1536w' sizes='40vw'>\n  <source media='(max-width: 834px)' srcset='https:\/\/lalgbtcenter.org\/app\/uploads\/2023\/06\/Drag-March-2023-Speaker-1024x683.jpg 1024w, https:\/\/lalgbtcenter.org\/app\/uploads\/2023\/06\/Drag-March-2023-Speaker-300x200.jpg 300w, https:\/\/lalgbtcenter.org\/app\/uploads\/2023\/06\/Drag-March-2023-Speaker-768x512.jpg 768w, https:\/\/lalgbtcenter.org\/app\/uploads\/2023\/06\/Drag-March-2023-Speaker-1x1.jpg 1w, https:\/\/lalgbtcenter.org\/app\/uploads\/2023\/06\/Drag-March-2023-Speaker-770x513.jpg 770w, https:\/\/lalgbtcenter.org\/app\/uploads\/2023\/06\/Drag-March-2023-Speaker-850x567.jpg 850w, https:\/\/lalgbtcenter.org\/app\/uploads\/2023\/06\/Drag-March-2023-Speaker-910x607.jpg 910w, https:\/\/lalgbtcenter.org\/app\/uploads\/2023\/06\/Drag-March-2023-Speaker-1100x733.jpg 1100w, https:\/\/lalgbtcenter.org\/app\/uploads\/2023\/06\/Drag-March-2023-Speaker-1200x800.jpg 1200w, https:\/\/lalgbtcenter.org\/app\/uploads\/2023\/06\/Drag-March-2023-Speaker-1460x973.jpg 1460w, https:\/\/lalgbtcenter.org\/app\/uploads\/2023\/06\/Drag-March-2023-Speaker.jpg 1536w' sizes='83vw'>\n  <img class=\"w-full h-full object-cover w-full !h-auto aspect-video rounded-10\" src='https:\/\/lalgbtcenter.org\/app\/uploads\/2023\/06\/Drag-March-2023-Speaker-1024x683.jpg' alt='' loading='lazy' \/>\n<\/picture>        <div class=\"w-full gap-4 pt-16\">\n      <p class=\"pl-16 body-legal inline-block text-black\/60\"><\/p>\n      <h3 class=\"!pl-16 !mt-0 !heading-xs\">La Marcha del Domingo de Resurrecci\u00f3n atrae a miles de personas para protestar contra la legislaci\u00f3n anti-LGBTQ+.<\/h3>\n    <\/div>\n  <\/div>\n<\/a>          \n<a href=\"https:\/\/lalgbtcenter.org\/es\/vanguard\/para-cain-andrade-de-mi-centro-el-servicio-es-fundamental\/\" class=\"!no-underline h-full\">\n  <div class=\"bg-white rounded-10 p-12 pb-10 md:pb-14 h-full transition-shadow hover:shadow-lightPurple\">\n          \n<picture  class=\"w-full aspect-video object-cover\">\n  <source media='(min-width: 834px)' srcset='https:\/\/lalgbtcenter.org\/app\/uploads\/2023\/08\/DSC08294-1024x683.jpg 1024w, https:\/\/lalgbtcenter.org\/app\/uploads\/2023\/08\/DSC08294-300x200.jpg 300w, https:\/\/lalgbtcenter.org\/app\/uploads\/2023\/08\/DSC08294-768x512.jpg 768w, https:\/\/lalgbtcenter.org\/app\/uploads\/2023\/08\/DSC08294-1536x1024.jpg 1536w, https:\/\/lalgbtcenter.org\/app\/uploads\/2023\/08\/DSC08294-2048x1365.jpg 2048w, https:\/\/lalgbtcenter.org\/app\/uploads\/2023\/08\/DSC08294-1x1.jpg 1w, https:\/\/lalgbtcenter.org\/app\/uploads\/2023\/08\/DSC08294-230x153.jpg 230w, https:\/\/lalgbtcenter.org\/app\/uploads\/2023\/08\/DSC08294-550x367.jpg 550w, https:\/\/lalgbtcenter.org\/app\/uploads\/2023\/08\/DSC08294-900x600.jpg 900w, https:\/\/lalgbtcenter.org\/app\/uploads\/2023\/08\/DSC08294-1130x753.jpg 1130w, https:\/\/lalgbtcenter.org\/app\/uploads\/2023\/08\/DSC08294-1280x853.jpg 1280w, https:\/\/lalgbtcenter.org\/app\/uploads\/2023\/08\/DSC08294-1460x973.jpg 1460w' sizes='40vw'>\n  <source media='(max-width: 834px)' srcset='https:\/\/lalgbtcenter.org\/app\/uploads\/2023\/08\/DSC08294-1024x683.jpg 1024w, https:\/\/lalgbtcenter.org\/app\/uploads\/2023\/08\/DSC08294-300x200.jpg 300w, https:\/\/lalgbtcenter.org\/app\/uploads\/2023\/08\/DSC08294-768x512.jpg 768w, https:\/\/lalgbtcenter.org\/app\/uploads\/2023\/08\/DSC08294-1536x1024.jpg 1536w, https:\/\/lalgbtcenter.org\/app\/uploads\/2023\/08\/DSC08294-2048x1365.jpg 2048w, https:\/\/lalgbtcenter.org\/app\/uploads\/2023\/08\/DSC08294-1x1.jpg 1w, https:\/\/lalgbtcenter.org\/app\/uploads\/2023\/08\/DSC08294-230x153.jpg 230w, https:\/\/lalgbtcenter.org\/app\/uploads\/2023\/08\/DSC08294-550x367.jpg 550w, https:\/\/lalgbtcenter.org\/app\/uploads\/2023\/08\/DSC08294-900x600.jpg 900w, https:\/\/lalgbtcenter.org\/app\/uploads\/2023\/08\/DSC08294-1130x753.jpg 1130w, https:\/\/lalgbtcenter.org\/app\/uploads\/2023\/08\/DSC08294-1280x853.jpg 1280w, https:\/\/lalgbtcenter.org\/app\/uploads\/2023\/08\/DSC08294-1460x973.jpg 1460w' sizes='83vw'>\n  <img class=\"w-full h-full object-cover w-full !h-auto aspect-video rounded-10\" src='https:\/\/lalgbtcenter.org\/app\/uploads\/2023\/08\/DSC08294-1024x683.jpg' alt='' loading='lazy' \/>\n<\/picture>        <div class=\"w-full gap-4 pt-16\">\n      <p class=\"pl-16 body-legal inline-block text-black\/60\"><\/p>\n      <h3 class=\"!pl-16 !mt-0 !heading-xs\">Para Ca\u00edn Andrade, de Mi Centro, el servicio es fundamental<\/h3>\n    <\/div>\n  <\/div>\n<\/a>          \n<a href=\"https:\/\/lalgbtcenter.org\/es\/vanguard\/actores-deportistas-y-activistas-trans-celebran-la-comunidad-y-la-solidaridad-en-el-primer-ayuntamiento-trans-de-la-historia\/\" class=\"!no-underline h-full\">\n  <div class=\"bg-white rounded-10 p-12 pb-10 md:pb-14 h-full transition-shadow hover:shadow-lightPurple\">\n          \n<picture  class=\"w-full aspect-video object-cover\">\n  <source media='(min-width: 834px)' srcset='https:\/\/lalgbtcenter.org\/app\/uploads\/2023\/08\/230616_TransPride_1778-1024x683.jpg 1024w, https:\/\/lalgbtcenter.org\/app\/uploads\/2023\/08\/230616_TransPride_1778-300x200.jpg 300w, https:\/\/lalgbtcenter.org\/app\/uploads\/2023\/08\/230616_TransPride_1778-768x512.jpg 768w, https:\/\/lalgbtcenter.org\/app\/uploads\/2023\/08\/230616_TransPride_1778-1536x1024.jpg 1536w, https:\/\/lalgbtcenter.org\/app\/uploads\/2023\/08\/230616_TransPride_1778-2048x1365.jpg 2048w, https:\/\/lalgbtcenter.org\/app\/uploads\/2023\/08\/230616_TransPride_1778-1x1.jpg 1w, https:\/\/lalgbtcenter.org\/app\/uploads\/2023\/08\/230616_TransPride_1778-230x153.jpg 230w, https:\/\/lalgbtcenter.org\/app\/uploads\/2023\/08\/230616_TransPride_1778-550x367.jpg 550w, https:\/\/lalgbtcenter.org\/app\/uploads\/2023\/08\/230616_TransPride_1778-900x600.jpg 900w, https:\/\/lalgbtcenter.org\/app\/uploads\/2023\/08\/230616_TransPride_1778-1130x753.jpg 1130w, https:\/\/lalgbtcenter.org\/app\/uploads\/2023\/08\/230616_TransPride_1778-1280x853.jpg 1280w, https:\/\/lalgbtcenter.org\/app\/uploads\/2023\/08\/230616_TransPride_1778-1460x973.jpg 1460w' sizes='40vw'>\n  <source media='(max-width: 834px)' srcset='https:\/\/lalgbtcenter.org\/app\/uploads\/2023\/08\/230616_TransPride_1778-1024x683.jpg 1024w, https:\/\/lalgbtcenter.org\/app\/uploads\/2023\/08\/230616_TransPride_1778-300x200.jpg 300w, https:\/\/lalgbtcenter.org\/app\/uploads\/2023\/08\/230616_TransPride_1778-768x512.jpg 768w, https:\/\/lalgbtcenter.org\/app\/uploads\/2023\/08\/230616_TransPride_1778-1536x1024.jpg 1536w, https:\/\/lalgbtcenter.org\/app\/uploads\/2023\/08\/230616_TransPride_1778-2048x1365.jpg 2048w, https:\/\/lalgbtcenter.org\/app\/uploads\/2023\/08\/230616_TransPride_1778-1x1.jpg 1w, https:\/\/lalgbtcenter.org\/app\/uploads\/2023\/08\/230616_TransPride_1778-230x153.jpg 230w, https:\/\/lalgbtcenter.org\/app\/uploads\/2023\/08\/230616_TransPride_1778-550x367.jpg 550w, https:\/\/lalgbtcenter.org\/app\/uploads\/2023\/08\/230616_TransPride_1778-900x600.jpg 900w, https:\/\/lalgbtcenter.org\/app\/uploads\/2023\/08\/230616_TransPride_1778-1130x753.jpg 1130w, https:\/\/lalgbtcenter.org\/app\/uploads\/2023\/08\/230616_TransPride_1778-1280x853.jpg 1280w, https:\/\/lalgbtcenter.org\/app\/uploads\/2023\/08\/230616_TransPride_1778-1460x973.jpg 1460w' sizes='83vw'>\n  <img class=\"w-full h-full object-cover w-full !h-auto aspect-video rounded-10\" src='https:\/\/lalgbtcenter.org\/app\/uploads\/2023\/08\/230616_TransPride_1778-1024x683.jpg' alt='Trans Pride 2023' loading='lazy' \/>\n<\/picture>        <div class=\"w-full gap-4 pt-16\">\n      <p class=\"pl-16 body-legal inline-block text-black\/60\"><\/p>\n      <h3 class=\"!pl-16 !mt-0 !heading-xs\">Actores, deportistas y activistas trans celebran la comunidad y la solidaridad en el primer Ayuntamiento Trans de la historia<\/h3>\n    <\/div>\n  <\/div>\n<\/a>          \n<a href=\"https:\/\/lalgbtcenter.org\/es\/vanguard\/pamela-anderson-comparte-palabras-de-sabiduria-en-la-gala-del-centro-ama-sin-descanso\/\" class=\"!no-underline h-full\">\n  <div class=\"bg-white rounded-10 p-12 pb-10 md:pb-14 h-full transition-shadow hover:shadow-lightPurple\">\n          \n<picture  class=\"w-full aspect-video object-cover\">\n  <source media='(min-width: 834px)' srcset='https:\/\/lalgbtcenter.org\/app\/uploads\/2023\/06\/Pamela-Anderson-Vanguard-Award-Acceptance-1024x683.jpg 1024w, https:\/\/lalgbtcenter.org\/app\/uploads\/2023\/06\/Pamela-Anderson-Vanguard-Award-Acceptance-300x200.jpg 300w, https:\/\/lalgbtcenter.org\/app\/uploads\/2023\/06\/Pamela-Anderson-Vanguard-Award-Acceptance-768x512.jpg 768w, https:\/\/lalgbtcenter.org\/app\/uploads\/2023\/06\/Pamela-Anderson-Vanguard-Award-Acceptance-1x1.jpg 1w, https:\/\/lalgbtcenter.org\/app\/uploads\/2023\/06\/Pamela-Anderson-Vanguard-Award-Acceptance-770x513.jpg 770w, https:\/\/lalgbtcenter.org\/app\/uploads\/2023\/06\/Pamela-Anderson-Vanguard-Award-Acceptance-850x567.jpg 850w, https:\/\/lalgbtcenter.org\/app\/uploads\/2023\/06\/Pamela-Anderson-Vanguard-Award-Acceptance-910x607.jpg 910w, https:\/\/lalgbtcenter.org\/app\/uploads\/2023\/06\/Pamela-Anderson-Vanguard-Award-Acceptance-1100x733.jpg 1100w, https:\/\/lalgbtcenter.org\/app\/uploads\/2023\/06\/Pamela-Anderson-Vanguard-Award-Acceptance-1200x800.jpg 1200w, https:\/\/lalgbtcenter.org\/app\/uploads\/2023\/06\/Pamela-Anderson-Vanguard-Award-Acceptance-1460x973.jpg 1460w, https:\/\/lalgbtcenter.org\/app\/uploads\/2023\/06\/Pamela-Anderson-Vanguard-Award-Acceptance.jpg 1536w' sizes='40vw'>\n  <source media='(max-width: 834px)' srcset='https:\/\/lalgbtcenter.org\/app\/uploads\/2023\/06\/Pamela-Anderson-Vanguard-Award-Acceptance-1024x683.jpg 1024w, https:\/\/lalgbtcenter.org\/app\/uploads\/2023\/06\/Pamela-Anderson-Vanguard-Award-Acceptance-300x200.jpg 300w, https:\/\/lalgbtcenter.org\/app\/uploads\/2023\/06\/Pamela-Anderson-Vanguard-Award-Acceptance-768x512.jpg 768w, https:\/\/lalgbtcenter.org\/app\/uploads\/2023\/06\/Pamela-Anderson-Vanguard-Award-Acceptance-1x1.jpg 1w, https:\/\/lalgbtcenter.org\/app\/uploads\/2023\/06\/Pamela-Anderson-Vanguard-Award-Acceptance-770x513.jpg 770w, https:\/\/lalgbtcenter.org\/app\/uploads\/2023\/06\/Pamela-Anderson-Vanguard-Award-Acceptance-850x567.jpg 850w, https:\/\/lalgbtcenter.org\/app\/uploads\/2023\/06\/Pamela-Anderson-Vanguard-Award-Acceptance-910x607.jpg 910w, https:\/\/lalgbtcenter.org\/app\/uploads\/2023\/06\/Pamela-Anderson-Vanguard-Award-Acceptance-1100x733.jpg 1100w, https:\/\/lalgbtcenter.org\/app\/uploads\/2023\/06\/Pamela-Anderson-Vanguard-Award-Acceptance-1200x800.jpg 1200w, https:\/\/lalgbtcenter.org\/app\/uploads\/2023\/06\/Pamela-Anderson-Vanguard-Award-Acceptance-1460x973.jpg 1460w, https:\/\/lalgbtcenter.org\/app\/uploads\/2023\/06\/Pamela-Anderson-Vanguard-Award-Acceptance.jpg 1536w' sizes='83vw'>\n  <img class=\"w-full h-full object-cover w-full !h-auto aspect-video rounded-10\" src='https:\/\/lalgbtcenter.org\/app\/uploads\/2023\/06\/Pamela-Anderson-Vanguard-Award-Acceptance-1024x683.jpg' alt='' loading='lazy' \/>\n<\/picture>        <div class=\"w-full gap-4 pt-16\">\n      <p class=\"pl-16 body-legal inline-block text-black\/60\"><\/p>\n      <h3 class=\"!pl-16 !mt-0 !heading-xs\">Pamela Anderson comparte palabras de sabidur\u00eda en la Gala del Centro: &quot;Ama sin descanso<\/h3>\n    <\/div>\n  <\/div>\n<\/a>      <\/div>\n<\/div><\/section>","protected":false},"excerpt":{"rendered":"<p>El Centro Juvenil atiende a j\u00f3venes de entre 16 y 24 a\u00f1os que corren el riesgo de quedarse sin hogar o sufren inestabilidad en la vivienda.<\/p>\n","protected":false},"author":34,"featured_media":20853,"comment_status":"open","ping_status":"open","sticky":false,"template":"","format":"standard","meta":{"footnotes":""},"categories":[130],"tags":[],"class_list":["post-22284","post","type-post","status-publish","format-standard","has-post-thumbnail","hentry","category-historias-del-centro"],"metadata":{"_encloseme":["1"],"_sbi_oembed_done_checking":["1"],"_yoast_wpseo_primary_category":["64"],"_top_nav_excluded":[""],"_cms_nav_minihome":[""],"_yoast_wpseo_metadesc":["El Centro Juvenil atiende a j\u00f3venes de entre 16 y 24 a\u00f1os que corren el riesgo de quedarse sin hogar o sufren inestabilidad en la vivienda."],"_thumbnail_id":["20853"],"_last_translation_edit_mode":["translation-editor"],"_wpml_word_count":["{\"total\":458,\"to_translate\":{\"en\":458}}"]},"acf":[],"yoast_head":"<!-- This site is optimized with the Yoast SEO plugin v20.13 - https:\/\/yoast.com\/wordpress\/plugins\/seo\/ -->\n<title>\u00a1Corta, corta, cari\u00f1o! - Los Angeles LGBT Center<\/title>\n<meta name=\"description\" content=\"El Centro Juvenil atiende a j\u00f3venes de entre 16 y 24 a\u00f1os que corren el riesgo de quedarse sin hogar o sufren inestabilidad en la vivienda.\" \/>\n<meta name=\"robots\" content=\"index, follow, max-snippet:-1, max-image-preview:large, max-video-preview:-1\" \/>\n<link rel=\"canonical\" href=\"https:\/\/lalgbtcenter.org\/es\/vanguard\/corta-corta-carino\/\" \/>\n<meta property=\"og:locale\" content=\"es_ES\" \/>\n<meta property=\"og:type\" content=\"article\" \/>\n<meta property=\"og:title\" content=\"\u00a1Corta, corta, cari\u00f1o! - Los Angeles LGBT Center\" \/>\n<meta property=\"og:description\" content=\"El Centro Juvenil atiende a j\u00f3venes de entre 16 y 24 a\u00f1os que corren el riesgo de quedarse sin hogar o sufren inestabilidad en la vivienda.\" \/>\n<meta property=\"og:url\" content=\"https:\/\/lalgbtcenter.org\/es\/vanguard\/corta-corta-carino\/\" \/>\n<meta property=\"og:site_name\" content=\"Los Angeles LGBT Center\" \/>\n<meta property=\"article:published_time\" content=\"2022-12-13T04:12:00+00:00\" \/>\n<meta property=\"article:modified_time\" content=\"2024-04-10T13:08:50+00:00\" \/>\n<meta property=\"og:image\" content=\"https:\/\/lalgbtcenter.org\/app\/uploads\/2023\/06\/Bobbys-Pizzeria-pizzas.jpg\" \/>\n\t<meta property=\"og:image:width\" content=\"1043\" \/>\n\t<meta property=\"og:image:height\" content=\"741\" \/>\n\t<meta property=\"og:image:type\" content=\"image\/jpeg\" \/>\n<meta name=\"author\" content=\"Los Angeles LGBT Center\" \/>\n<meta name=\"twitter:card\" content=\"summary_large_image\" \/>\n<meta name=\"twitter:label1\" content=\"Written by\" \/>\n\t<meta name=\"twitter:data1\" content=\"Los Angeles LGBT Center\" \/>\n\t<meta name=\"twitter:label2\" content=\"Est. reading time\" \/>\n\t<meta name=\"twitter:data2\" content=\"2 minutes\" \/>\n<script type=\"application\/ld+json\" class=\"yoast-schema-graph\">{\"@context\":\"https:\/\/schema.org\",\"@graph\":[{\"@type\":\"WebPage\",\"@id\":\"https:\/\/lalgbtcenter.org\/es\/vanguard\/corta-corta-carino\/\",\"url\":\"https:\/\/lalgbtcenter.org\/es\/vanguard\/corta-corta-carino\/\",\"name\":\"\u00a1Corta, corta, cari\u00f1o! - Los Angeles LGBT Center\",\"isPartOf\":{\"@id\":\"https:\/\/dev-lalgbtcenter.pantheonsite.io\/#website\"},\"datePublished\":\"2022-12-13T04:12:00+00:00\",\"dateModified\":\"2024-04-10T13:08:50+00:00\",\"author\":{\"@id\":\"https:\/\/dev-lalgbtcenter.pantheonsite.io\/#\/schema\/person\/3acd98dfad8b1d0682eb931a3d38707a\"},\"description\":\"El Centro Juvenil atiende a j\u00f3venes de entre 16 y 24 a\u00f1os que corren el riesgo de quedarse sin hogar o sufren inestabilidad en la vivienda.\",\"inLanguage\":\"es-ES\",\"potentialAction\":[{\"@type\":\"ReadAction\",\"target\":[\"https:\/\/lalgbtcenter.org\/es\/vanguard\/corta-corta-carino\/\"]}]},{\"@type\":\"WebSite\",\"@id\":\"https:\/\/dev-lalgbtcenter.pantheonsite.io\/#website\",\"url\":\"https:\/\/dev-lalgbtcenter.pantheonsite.io\/\",\"name\":\"Los Angeles LGBT Center\",\"description\":\"\",\"potentialAction\":[{\"@type\":\"SearchAction\",\"target\":{\"@type\":\"EntryPoint\",\"urlTemplate\":\"https:\/\/dev-lalgbtcenter.pantheonsite.io\/?s={search_term_string}\"},\"query-input\":\"required name=search_term_string\"}],\"inLanguage\":\"es-ES\"},{\"@type\":\"Person\",\"@id\":\"https:\/\/dev-lalgbtcenter.pantheonsite.io\/#\/schema\/person\/3acd98dfad8b1d0682eb931a3d38707a\",\"name\":\"Los Angeles LGBT Center\",\"image\":{\"@type\":\"ImageObject\",\"inLanguage\":\"es-ES\",\"@id\":\"https:\/\/dev-lalgbtcenter.pantheonsite.io\/#\/schema\/person\/image\/\",\"url\":\"https:\/\/lalgbtcenter.org\/wp-content\/uploads\/2023\/08\/cropped-los-angeles-lgbt-center-96x96.png\",\"contentUrl\":\"https:\/\/lalgbtcenter.org\/wp-content\/uploads\/2023\/08\/cropped-los-angeles-lgbt-center-96x96.png\",\"caption\":\"Los Angeles LGBT Center\"},\"url\":\"https:\/\/lalgbtcenter.org\/es\/vanguard\/author\/lalgbtcenter\/\"}]}<\/script>\n<!-- \/ Yoast SEO plugin. -->","yoast_head_json":{"title":"\u00a1Corta, corta, cari\u00f1o! - Los Angeles LGBT Center","description":"El Centro Juvenil atiende a j\u00f3venes de entre 16 y 24 a\u00f1os que corren el riesgo de quedarse sin hogar o sufren inestabilidad en la vivienda.","robots":{"index":"index","follow":"follow","max-snippet":"max-snippet:-1","max-image-preview":"max-image-preview:large","max-video-preview":"max-video-preview:-1"},"canonical":"https:\/\/lalgbtcenter.org\/es\/vanguard\/corta-corta-carino\/","og_locale":"es_ES","og_type":"article","og_title":"\u00a1Corta, corta, cari\u00f1o! - Los Angeles LGBT Center","og_description":"El Centro Juvenil atiende a j\u00f3venes de entre 16 y 24 a\u00f1os que corren el riesgo de quedarse sin hogar o sufren inestabilidad en la vivienda.","og_url":"https:\/\/lalgbtcenter.org\/es\/vanguard\/corta-corta-carino\/","og_site_name":"Los Angeles LGBT Center","article_published_time":"2022-12-13T04:12:00+00:00","article_modified_time":"2024-04-10T13:08:50+00:00","og_image":[{"width":1043,"height":741,"url":"https:\/\/lalgbtcenter.org\/app\/uploads\/2023\/06\/Bobbys-Pizzeria-pizzas.jpg","type":"image\/jpeg"}],"author":"Los Angeles LGBT Center","twitter_card":"summary_large_image","twitter_misc":{"Written by":"Los Angeles LGBT Center","Est. reading time":"2 minutes"},"schema":{"@context":"https:\/\/schema.org","@graph":[{"@type":"WebPage","@id":"https:\/\/lalgbtcenter.org\/es\/vanguard\/corta-corta-carino\/","url":"https:\/\/lalgbtcenter.org\/es\/vanguard\/corta-corta-carino\/","name":"\u00a1Corta, corta, cari\u00f1o! - Los Angeles LGBT Center","isPartOf":{"@id":"https:\/\/dev-lalgbtcenter.pantheonsite.io\/#website"},"datePublished":"2022-12-13T04:12:00+00:00","dateModified":"2024-04-10T13:08:50+00:00","author":{"@id":"https:\/\/dev-lalgbtcenter.pantheonsite.io\/#\/schema\/person\/3acd98dfad8b1d0682eb931a3d38707a"},"description":"El Centro Juvenil atiende a j\u00f3venes de entre 16 y 24 a\u00f1os que corren el riesgo de quedarse sin hogar o sufren inestabilidad en la vivienda.","inLanguage":"es-ES","potentialAction":[{"@type":"ReadAction","target":["https:\/\/lalgbtcenter.org\/es\/vanguard\/corta-corta-carino\/"]}]},{"@type":"WebSite","@id":"https:\/\/dev-lalgbtcenter.pantheonsite.io\/#website","url":"https:\/\/dev-lalgbtcenter.pantheonsite.io\/","name":"Los Angeles LGBT Center","description":"","potentialAction":[{"@type":"SearchAction","target":{"@type":"EntryPoint","urlTemplate":"https:\/\/dev-lalgbtcenter.pantheonsite.io\/?s={search_term_string}"},"query-input":"required name=search_term_string"}],"inLanguage":"es-ES"},{"@type":"Person","@id":"https:\/\/dev-lalgbtcenter.pantheonsite.io\/#\/schema\/person\/3acd98dfad8b1d0682eb931a3d38707a","name":"Los Angeles LGBT Center","image":{"@type":"ImageObject","inLanguage":"es-ES","@id":"https:\/\/dev-lalgbtcenter.pantheonsite.io\/#\/schema\/person\/image\/","url":"https:\/\/lalgbtcenter.org\/wp-content\/uploads\/2023\/08\/cropped-los-angeles-lgbt-center-96x96.png","contentUrl":"https:\/\/lalgbtcenter.org\/wp-content\/uploads\/2023\/08\/cropped-los-angeles-lgbt-center-96x96.png","caption":"Los Angeles LGBT Center"},"url":"https:\/\/lalgbtcenter.org\/es\/vanguard\/author\/lalgbtcenter\/"}]}},"_links":{"self":[{"href":"https:\/\/lalgbtcenter.org\/es\/wp-json\/wp\/v2\/posts\/22284"}],"collection":[{"href":"https:\/\/lalgbtcenter.org\/es\/wp-json\/wp\/v2\/posts"}],"about":[{"href":"https:\/\/lalgbtcenter.org\/es\/wp-json\/wp\/v2\/types\/post"}],"author":[{"embeddable":true,"href":"https:\/\/lalgbtcenter.org\/es\/wp-json\/wp\/v2\/users\/34"}],"replies":[{"embeddable":true,"href":"https:\/\/lalgbtcenter.org\/es\/wp-json\/wp\/v2\/comments?post=22284"}],"version-history":[{"count":1,"href":"https:\/\/lalgbtcenter.org\/es\/wp-json\/wp\/v2\/posts\/22284\/revisions"}],"predecessor-version":[{"id":22287,"href":"https:\/\/lalgbtcenter.org\/es\/wp-json\/wp\/v2\/posts\/22284\/revisions\/22287"}],"wp:featuredmedia":[{"embeddable":true,"href":"https:\/\/lalgbtcenter.org\/es\/wp-json\/wp\/v2\/media\/20853"}],"wp:attachment":[{"href":"https:\/\/lalgbtcenter.org\/es\/wp-json\/wp\/v2\/media?parent=22284"}],"wp:term":[{"taxonomy":"category","embeddable":true,"href":"https:\/\/lalgbtcenter.org\/es\/wp-json\/wp\/v2\/categories?post=22284"},{"taxonomy":"post_tag","embeddable":true,"href":"https:\/\/lalgbtcenter.org\/es\/wp-json\/wp\/v2\/tags?post=22284"}],"curies":[{"name":"wp","href":"https:\/\/api.w.org\/{rel}","templated":true}]}}