{"id":22240,"date":"2024-02-07T09:33:29","date_gmt":"2024-02-07T17:33:29","guid":{"rendered":"https:\/\/lalgbtcenter.org\/vanguard\/nuestras-vidas-importan-nuestros-mayores-alzan-la-voz-en-el-dia-de-sensibilizacion-sobre-el-vih-sida-en-la-poblacion-negra\/"},"modified":"2024-04-10T03:51:42","modified_gmt":"2024-04-10T10:51:42","slug":"nuestras-vidas-importan-nuestros-mayores-alzan-la-voz-en-el-dia-de-sensibilizacion-sobre-el-vih-sida-en-la-poblacion-negra","status":"publish","type":"post","link":"https:\/\/lalgbtcenter.org\/es\/vanguard\/nuestras-vidas-importan-nuestros-mayores-alzan-la-voz-en-el-dia-de-sensibilizacion-sobre-el-vih-sida-en-la-poblacion-negra\/","title":{"rendered":"&#8220;Nuestras vidas importan&#8221;: Nuestros mayores alzan la voz en el D\u00eda de sensibilizaci\u00f3n sobre el VIH\/sida en la poblaci\u00f3n negra"},"content":{"rendered":"\n<p>Celebrado anualmente el 7 de febrero, el D\u00eda Nacional de Concienciaci\u00f3n sobre el VIH\/SIDA en la Poblaci\u00f3n Negra est\u00e1 dedicado a concienciar y promover la prevenci\u00f3n, educaci\u00f3n y realizaci\u00f3n de pruebas del VIH en las comunidades negras, al tiempo que reconoce las formas en que el VIH afecta de manera desproporcionada a la poblaci\u00f3n negra. Este d\u00eda sirve para recordar que la lucha contra el VIH y el sida sigue su curso, y que esta epidemia continuar\u00e1 hasta que todo el mundo disponga de un acceso igualitario a la atenci\u00f3n y la informaci\u00f3n.<\/p>\n\n<p>Seg\u00fan un informe del Instituto Negro del SIDA de Los \u00c1ngeles, aunque los negros apenas representan el 13% de la poblaci\u00f3n estadounidense, representan el 43% de los nuevos diagn\u00f3sticos de VIH a escala nacional y el 43% de las muertes relacionadas con el SIDA.<\/p>\n\n<p>A continuaci\u00f3n, tres miembros del grupo de apoyo sobre el VIH para hombres mayores del Centro comparten su experiencia de vida con el VIH y de acceso a la atenci\u00f3n sanitaria, al tiempo que se enfrentan a un estigma y a unas disparidades sanitarias \u00fanicos como miembros de la comunidad negra. Tambi\u00e9n comparten su alegr\u00eda y resistencia, ofreciendo palabras de sabidur\u00eda y apoyo a otras personas negras que viven actualmente con el VIH.  <\/p>\n\n<p>&#8220;Tenemos que educar a la gente&#8221;, afirma Mario Scott, diagnosticado por primera vez en 1986. &#8220;Tenemos que ayudarles a entender que somos importantes, que nuestras vidas importan. Como negros, aportamos mucho a este mundo&#8221;.<\/p>\n\n<figure class=\"wp-block-image size-large\"><img loading=\"lazy\" decoding=\"async\" width=\"683\" height=\"1024\" src=\"https:\/\/live-la-lgbt-test.pantheonsite.io\/wp-content\/uploads\/2024\/02\/013124_BWAD_16_story-683x1024.jpg\" alt=\"D&#xED;a Nacional de Concienciaci&#xF3;n sobre el VIH\/SIDA para los Negros\" class=\"wp-image-20144\" srcset=\"https:\/\/lalgbtcenter.org\/app\/uploads\/2024\/02\/013124_BWAD_16_story-683x1024.jpg 683w, https:\/\/lalgbtcenter.org\/app\/uploads\/2024\/02\/013124_BWAD_16_story-200x300.jpg 200w, https:\/\/lalgbtcenter.org\/app\/uploads\/2024\/02\/013124_BWAD_16_story-768x1152.jpg 768w, https:\/\/lalgbtcenter.org\/app\/uploads\/2024\/02\/013124_BWAD_16_story-1024x1536.jpg 1024w, https:\/\/lalgbtcenter.org\/app\/uploads\/2024\/02\/013124_BWAD_16_story-1365x2048.jpg 1365w, https:\/\/lalgbtcenter.org\/app\/uploads\/2024\/02\/013124_BWAD_16_story-1x1.jpg 1w, https:\/\/lalgbtcenter.org\/app\/uploads\/2024\/02\/013124_BWAD_16_story-230x345.jpg 230w, https:\/\/lalgbtcenter.org\/app\/uploads\/2024\/02\/013124_BWAD_16_story-550x825.jpg 550w, https:\/\/lalgbtcenter.org\/app\/uploads\/2024\/02\/013124_BWAD_16_story-900x1350.jpg 900w, https:\/\/lalgbtcenter.org\/app\/uploads\/2024\/02\/013124_BWAD_16_story-1130x1695.jpg 1130w, https:\/\/lalgbtcenter.org\/app\/uploads\/2024\/02\/013124_BWAD_16_story-1280x1920.jpg 1280w, https:\/\/lalgbtcenter.org\/app\/uploads\/2024\/02\/013124_BWAD_16_story-1460x2190.jpg 1460w, https:\/\/lalgbtcenter.org\/app\/uploads\/2024\/02\/013124_BWAD_16_story-scaled.jpg 1707w\" sizes=\"(max-width: 683px) 100vw, 683px\" \/><figcaption class=\"wp-element-caption\">Fotos de Zev Rose Woolley<\/figcaption><\/figure>\n\n<h4 class=\"wp-block-heading\">Marvin Thornton, 60<\/h4>\n\n<p><strong>\u00bfCu\u00e1ndo se lo diagnosticaron por primera vez?<\/strong><\/p>\n\n<p>Eso es complicado. Fui tres, cuatro, cinco, seis veces. Nada. Luego fui una vez y me dijeron que s\u00ed. Entonces volv\u00ed a mi otro m\u00e9dico, que me dijo que no. As\u00ed que segu\u00ed yendo y viniendo durante un tiempo. La mejor respuesta es a mediados de los 90.<\/p>\n\n<p><strong>\u00bfCu\u00e1l fue su experiencia tras el diagn\u00f3stico?<\/strong><\/p>\n\n<p>Fue aterrador. Me gradu\u00e9 en el instituto en el 82, justo cuando empez\u00f3 todo. As\u00ed que sal\u00ed petrificado del instituto. Y estaba saliendo con alguien que no lo revel\u00f3, lo que lo hizo a\u00fan m\u00e1s dif\u00edcil para m\u00ed. As\u00ed que estaba nerviosa, incre\u00edblemente nerviosa. Segu\u00eda pensando que ten\u00eda que ser un error, pero&#8230;<\/p>\n\n<p><strong>\u00bfHa cambiado su experiencia con el sistema sanitario a lo largo de los a\u00f1os?<\/strong><\/p>\n\n<p>S\u00ed, supongo que s\u00ed. Cuando me di cuenta de que mi diagn\u00f3stico era oficial y cierto, empec\u00e9 a acudir al Centro para recibir atenci\u00f3n. Pero sin duda hab\u00eda un estigma cuando iba a otros m\u00e9dicos por otras cosas, lo cual era un reto, pero soy negro y gay, as\u00ed que el estigma forma parte de mi vida cotidiana. Te enfrentas a ello lo mejor que puedes. Las cosas han cambiado gracias a esta nueva generaci\u00f3n que no soporta esas tonter\u00edas. Estoy muy agradecido por ello.<\/p>\n\n<p><strong>\u00bfQu\u00e9 podemos hacer para reducir las disparidades sanitarias y el estigma relacionado con el VIH, especialmente en la comunidad negra?<\/strong><\/p>\n\n<p>Creo que, sobre todo en la comunidad negra, estamos condicionados a mantener la boca cerrada. No se trata s\u00f3lo de enfermedad o preferencia sexual; se trata de todo. Ya sabes, lo que pasa en esta casa se queda en esta casa. Por eso creo que es importante que hablemos de ello y lo hagamos presente, para que la comunidad negra entienda que no hay estigma. No hay nada malo en discutirlo.<\/p>\n\n<p><strong>\u00bfQu\u00e9 les dir\u00eda a otras personas negras que viven con el VIH?<\/strong><\/p>\n\n<p>Es f\u00e1cil pensar: &#8216;A la mierda, me voy a morir&#8217;, y hacer lo que te d\u00e9 la gana. Pero mant\u00e9n tu vida tanto como puedas. No pienses que no tienes esperanza. No es el caso.<\/p>\n\n<figure class=\"wp-block-image size-large\"><img loading=\"lazy\" decoding=\"async\" width=\"683\" height=\"1024\" src=\"https:\/\/live-la-lgbt-test.pantheonsite.io\/wp-content\/uploads\/2024\/02\/013124_BWAD_45_story-683x1024.jpg\" alt=\"D&#xED;a Nacional de Concienciaci&#xF3;n sobre el VIH\/SIDA para los Negros\" class=\"wp-image-20148\" srcset=\"https:\/\/lalgbtcenter.org\/app\/uploads\/2024\/02\/013124_BWAD_45_story-683x1024.jpg 683w, https:\/\/lalgbtcenter.org\/app\/uploads\/2024\/02\/013124_BWAD_45_story-200x300.jpg 200w, https:\/\/lalgbtcenter.org\/app\/uploads\/2024\/02\/013124_BWAD_45_story-768x1152.jpg 768w, https:\/\/lalgbtcenter.org\/app\/uploads\/2024\/02\/013124_BWAD_45_story-1024x1536.jpg 1024w, https:\/\/lalgbtcenter.org\/app\/uploads\/2024\/02\/013124_BWAD_45_story-1365x2048.jpg 1365w, https:\/\/lalgbtcenter.org\/app\/uploads\/2024\/02\/013124_BWAD_45_story-1x1.jpg 1w, https:\/\/lalgbtcenter.org\/app\/uploads\/2024\/02\/013124_BWAD_45_story-230x345.jpg 230w, https:\/\/lalgbtcenter.org\/app\/uploads\/2024\/02\/013124_BWAD_45_story-550x825.jpg 550w, https:\/\/lalgbtcenter.org\/app\/uploads\/2024\/02\/013124_BWAD_45_story-900x1350.jpg 900w, https:\/\/lalgbtcenter.org\/app\/uploads\/2024\/02\/013124_BWAD_45_story-1130x1695.jpg 1130w, https:\/\/lalgbtcenter.org\/app\/uploads\/2024\/02\/013124_BWAD_45_story-1280x1920.jpg 1280w, https:\/\/lalgbtcenter.org\/app\/uploads\/2024\/02\/013124_BWAD_45_story-1460x2190.jpg 1460w, https:\/\/lalgbtcenter.org\/app\/uploads\/2024\/02\/013124_BWAD_45_story-scaled.jpg 1707w\" sizes=\"(max-width: 683px) 100vw, 683px\" \/><figcaption class=\"wp-element-caption\">Fotos de Zev Rose Woolley<\/figcaption><\/figure>\n\n<h4 class=\"wp-block-heading\">Johnnie McKinely, 68<\/h4>\n\n<p><strong>\u00bfCu\u00e1ndo se lo diagnosticaron por primera vez?<\/strong><\/p>\n\n<p>Me lo diagnosticaron en 1993. Ten\u00eda una cita con el m\u00e9dico y mi m\u00e9dico habitual no estaba disponible. As\u00ed que fui a ver al sustituto y, sin querer, me hizo una prueba del VIH que yo no hab\u00eda pedido. Cuando volv\u00ed, el m\u00e9dico me dijo que era seropositiva. Me qued\u00e9 un poco en shock porque no hab\u00eda pedido la prueba. Pero al mismo tiempo, dije: &#8220;Vale, me alegro de saberlo&#8221;.<\/p>\n\n<p><strong>\u00bfC\u00f3mo fue su experiencia con el sistema sanitario?<\/strong><\/p>\n\n<p>Desde el principio, tuve m\u00e9dicos que me apoyaron mucho. Siempre he recibido apoyo y atenci\u00f3n con visi\u00f3n de futuro. Fui muy, muy afortunado.<\/p>\n\n<p><strong>\u00bfC\u00f3mo se involucr\u00f3 en el grupo de apoyo sobre el VIH para hombres mayores del Centro?<\/strong><\/p>\n\n<p>Un antiguo compa\u00f1ero m\u00edo seropositivo empez\u00f3 a venir aqu\u00ed. En alg\u00fan momento le vi y me dijo: &#8220;Voy a ir al Centro a un grupo de VIH para hombres mayores de 50 a\u00f1os y quiz\u00e1 te interese&#8221;. Despu\u00e9s de que me dijera eso, he estado viniendo desde entonces. Ha estado muy bien. Es un gran grupo; un gran liderazgo. Es estupendo poder venir al Centro y compartir nuestras opiniones y experiencias. Formar parte de un grupo de apoyo en el que la gente puede compartir informaci\u00f3n e historias es un recurso excelente.  <\/p>\n\n<p><strong>\u00bfQu\u00e9 podemos hacer para reducir las disparidades sanitarias y el estigma relacionado con el VIH, especialmente en la comunidad negra?<\/strong><\/p>\n\n<p>Creo que lo que ocurri\u00f3 fue que me convert\u00ed en parte del estigma al no dar la cara en mi comunidad y decir: &#8220;Oye, esto es lo que soy. Esto es lo que tenemos que hacer para apoyarnos mutuamente&#8221;. Tard\u00e9 mucho en llegar. Pero en el \u00faltimo a\u00f1o, me he comprometido conmigo mismo a expresar a la gente mi condici\u00f3n de seropositivo. Creo que dentro de la comunidad negra existe la necesidad de salir del armario y ser visibles. Decir: &#8220;Esta es mi vida y t\u00fa puedes vivirla. Estas son las cosas que he hecho y el apoyo que he tenido&#8221;.<\/p>\n\n<p><strong>\u00bfQu\u00e9 les dir\u00eda a otras personas negras que viven con el VIH?<\/strong><\/p>\n\n<p>Lo primero es asegurarse de tener la mejor atenci\u00f3n sanitaria posible. Y si no est\u00e1s satisfecho, intenta acercarte y decir: &#8220;Oye, escucha, creo que no estoy recibiendo la informaci\u00f3n que necesito&#8221;. Aseg\u00farate de hacerlo por ti mismo. Esfu\u00e9rcese por recibir la mejor atenci\u00f3n posible. Aqu\u00ed hay mucho, pero muchas veces hay que ir a buscarlo. Ven al Centro, o busca grupos que giren en torno a ti como persona afroamericana o lo que sea. Tienes que esforzarte, pero esas cosas, en \u00faltima instancia, est\u00e1n ah\u00ed para ti.<\/p>\n\n<figure class=\"wp-block-image size-large\"><img loading=\"lazy\" decoding=\"async\" width=\"683\" height=\"1024\" src=\"https:\/\/live-la-lgbt-test.pantheonsite.io\/wp-content\/uploads\/2024\/02\/013124_BWAD_25_RT_story-683x1024.jpg\" alt=\"D&#xED;a Nacional de Concienciaci&#xF3;n sobre el VIH\/SIDA para los Negros\" class=\"wp-image-20145\" srcset=\"https:\/\/lalgbtcenter.org\/app\/uploads\/2024\/02\/013124_BWAD_25_RT_story-683x1024.jpg 683w, https:\/\/lalgbtcenter.org\/app\/uploads\/2024\/02\/013124_BWAD_25_RT_story-200x300.jpg 200w, https:\/\/lalgbtcenter.org\/app\/uploads\/2024\/02\/013124_BWAD_25_RT_story-768x1152.jpg 768w, https:\/\/lalgbtcenter.org\/app\/uploads\/2024\/02\/013124_BWAD_25_RT_story-1024x1536.jpg 1024w, https:\/\/lalgbtcenter.org\/app\/uploads\/2024\/02\/013124_BWAD_25_RT_story-1365x2048.jpg 1365w, https:\/\/lalgbtcenter.org\/app\/uploads\/2024\/02\/013124_BWAD_25_RT_story-1x1.jpg 1w, https:\/\/lalgbtcenter.org\/app\/uploads\/2024\/02\/013124_BWAD_25_RT_story-230x345.jpg 230w, https:\/\/lalgbtcenter.org\/app\/uploads\/2024\/02\/013124_BWAD_25_RT_story-550x825.jpg 550w, https:\/\/lalgbtcenter.org\/app\/uploads\/2024\/02\/013124_BWAD_25_RT_story-900x1350.jpg 900w, https:\/\/lalgbtcenter.org\/app\/uploads\/2024\/02\/013124_BWAD_25_RT_story-1130x1695.jpg 1130w, https:\/\/lalgbtcenter.org\/app\/uploads\/2024\/02\/013124_BWAD_25_RT_story-1280x1920.jpg 1280w, https:\/\/lalgbtcenter.org\/app\/uploads\/2024\/02\/013124_BWAD_25_RT_story-1460x2190.jpg 1460w, https:\/\/lalgbtcenter.org\/app\/uploads\/2024\/02\/013124_BWAD_25_RT_story-scaled.jpg 1706w\" sizes=\"(max-width: 683px) 100vw, 683px\" \/><figcaption class=\"wp-element-caption\">Fotos de Zev Rose Woolley<\/figcaption><\/figure>\n\n<h4 class=\"wp-block-heading\">Mario Scott, 72 a\u00f1os<\/h4>\n\n<p><strong>\u00bfCu\u00e1ndo se lo diagnosticaron por primera vez?<\/strong><\/p>\n\n<p>Me lo diagnosticaron en 1986. Fue entonces cuando el m\u00e9dico me dio los papeles y me dijo: &#8220;Eres positivo&#8221;. En realidad no ten\u00eda miedo. Entonces no conoc\u00eda la magnitud del VIH. Las cosas acababan de empezar. Ten\u00eda tantos planes, tantas cosas que quer\u00eda hacer, tantas cosas que quer\u00eda lograr. Me estaba divirtiendo mucho. Ten\u00eda buen aspecto y me sent\u00eda bien. As\u00ed que en ese momento no ten\u00eda miedo.<\/p>\n\n<p><strong>\u00bfCu\u00e1l fue su experiencia tras el diagn\u00f3stico?<\/strong><\/p>\n\n<p>Para serte sincero, lo que m\u00e1s me preocupaba era que la gente se enterara. Porque s\u00e9 c\u00f3mo eran las cosas en aquella \u00e9poca. Siempre hab\u00eda charlas est\u00fapidas sobre c\u00f3mo te iban a poner en cuarentena. Van a hacer esto, van a hacer aquello. As\u00ed que me qued\u00e9 petrificado. En aquella \u00e9poca, AIDS Project Los Angeles era el mejor lugar al que acudir cuando te hab\u00edan diagnosticado el VIH. Y ten\u00eda miedo de irme, no por lo que ten\u00eda, sino por lo que la gente dir\u00eda o har\u00eda cuando me vieran salir de all\u00ed. Me lo diagnosticaron durante cinco a\u00f1os sin dec\u00edrselo a nadie, ni siquiera a mi familia. Cinco a\u00f1os.<\/p>\n\n<p><strong>\u00bfQu\u00e9 podemos hacer para reducir las disparidades sanitarias y el estigma relacionado con el VIH, especialmente en la comunidad negra?<\/strong><\/p>\n\n<p>Tenemos que educar a la gente. Tenemos que ayudarles a entender que somos importantes, que nuestras vidas importan. Como negros, aportamos mucho a este mundo.<\/p>\n\n<p><strong>\u00bfQu\u00e9 les dir\u00eda a otras personas negras que viven con el VIH?<\/strong><\/p>\n\n<p>Yo dir\u00eda que esperes un minuto. M\u00edrame y mira con qui\u00e9n est\u00e1s hablando. Eso deber\u00eda dec\u00edrtelo todo. Porque me diagnosticaron en 1986, cuando no hab\u00eda medicamentos ni nada. Y m\u00edrame ahora. No esperaba vivir tanto, pero aqu\u00ed estoy envejeciendo. Te esperan cosas maravillosas.<\/p>\n\n<p><\/p>\n\n\n<section class=\"w-full my-48 md:my-64\">\n  \n<div class=\"relative\">\n  <h2 class=\"!pl-0 !heading-md mb-16 md:mb-24\">Seguir leyendo<\/h2>\n  <div class=\"grid grid-cols-1 md:grid-cols-2 gap-26 md:gap-32\">\n          \n<a href=\"https:\/\/lalgbtcenter.org\/es\/vanguard\/cynthia-cyndi-harrison-recibe-el-premio-sharon-franklin-brown-a-la-excelencia-de-los-empleados-en-celebracion-de-sus-24-anos-de-servicio\/\" class=\"!no-underline h-full\">\n  <div class=\"bg-white rounded-10 p-12 pb-10 md:pb-14 h-full transition-shadow hover:shadow-lightPurple\">\n          \n<picture  class=\"w-full aspect-video object-cover\">\n  <source media='(min-width: 834px)' srcset='https:\/\/lalgbtcenter.org\/app\/uploads\/2023\/10\/Cyndi-Harrison-All-Staff-1024x787.jpg 1024w, https:\/\/lalgbtcenter.org\/app\/uploads\/2023\/10\/Cyndi-Harrison-All-Staff-300x231.jpg 300w, https:\/\/lalgbtcenter.org\/app\/uploads\/2023\/10\/Cyndi-Harrison-All-Staff-768x590.jpg 768w, https:\/\/lalgbtcenter.org\/app\/uploads\/2023\/10\/Cyndi-Harrison-All-Staff-1536x1181.jpg 1536w, https:\/\/lalgbtcenter.org\/app\/uploads\/2023\/10\/Cyndi-Harrison-All-Staff-2048x1574.jpg 2048w, https:\/\/lalgbtcenter.org\/app\/uploads\/2023\/10\/Cyndi-Harrison-All-Staff-1x1.jpg 1w, https:\/\/lalgbtcenter.org\/app\/uploads\/2023\/10\/Cyndi-Harrison-All-Staff-230x177.jpg 230w, https:\/\/lalgbtcenter.org\/app\/uploads\/2023\/10\/Cyndi-Harrison-All-Staff-550x423.jpg 550w, https:\/\/lalgbtcenter.org\/app\/uploads\/2023\/10\/Cyndi-Harrison-All-Staff-900x692.jpg 900w, https:\/\/lalgbtcenter.org\/app\/uploads\/2023\/10\/Cyndi-Harrison-All-Staff-1130x869.jpg 1130w, https:\/\/lalgbtcenter.org\/app\/uploads\/2023\/10\/Cyndi-Harrison-All-Staff-1280x984.jpg 1280w, https:\/\/lalgbtcenter.org\/app\/uploads\/2023\/10\/Cyndi-Harrison-All-Staff-1460x1122.jpg 1460w' sizes='40vw'>\n  <source media='(max-width: 834px)' srcset='https:\/\/lalgbtcenter.org\/app\/uploads\/2023\/10\/Cyndi-Harrison-All-Staff-1024x787.jpg 1024w, https:\/\/lalgbtcenter.org\/app\/uploads\/2023\/10\/Cyndi-Harrison-All-Staff-300x231.jpg 300w, https:\/\/lalgbtcenter.org\/app\/uploads\/2023\/10\/Cyndi-Harrison-All-Staff-768x590.jpg 768w, https:\/\/lalgbtcenter.org\/app\/uploads\/2023\/10\/Cyndi-Harrison-All-Staff-1536x1181.jpg 1536w, https:\/\/lalgbtcenter.org\/app\/uploads\/2023\/10\/Cyndi-Harrison-All-Staff-2048x1574.jpg 2048w, https:\/\/lalgbtcenter.org\/app\/uploads\/2023\/10\/Cyndi-Harrison-All-Staff-1x1.jpg 1w, https:\/\/lalgbtcenter.org\/app\/uploads\/2023\/10\/Cyndi-Harrison-All-Staff-230x177.jpg 230w, https:\/\/lalgbtcenter.org\/app\/uploads\/2023\/10\/Cyndi-Harrison-All-Staff-550x423.jpg 550w, https:\/\/lalgbtcenter.org\/app\/uploads\/2023\/10\/Cyndi-Harrison-All-Staff-900x692.jpg 900w, https:\/\/lalgbtcenter.org\/app\/uploads\/2023\/10\/Cyndi-Harrison-All-Staff-1130x869.jpg 1130w, https:\/\/lalgbtcenter.org\/app\/uploads\/2023\/10\/Cyndi-Harrison-All-Staff-1280x984.jpg 1280w, https:\/\/lalgbtcenter.org\/app\/uploads\/2023\/10\/Cyndi-Harrison-All-Staff-1460x1122.jpg 1460w' sizes='83vw'>\n  <img class=\"w-full h-full object-cover w-full !h-auto aspect-video rounded-10\" src='https:\/\/lalgbtcenter.org\/app\/uploads\/2023\/10\/Cyndi-Harrison-All-Staff-1024x787.jpg' alt='' loading='lazy' \/>\n<\/picture>        <div class=\"w-full gap-4 pt-16\">\n      <p class=\"pl-16 body-legal inline-block text-black\/60\"><\/p>\n      <h3 class=\"!pl-16 !mt-0 !heading-xs\">Cynthia &quot;Cyndi&quot; Harrison recibe el Premio Sharon Franklin Brown a la Excelencia de los Empleados, en celebraci\u00f3n de sus 24 a\u00f1os de servicio.<\/h3>\n    <\/div>\n  <\/div>\n<\/a>          \n<a href=\"https:\/\/lalgbtcenter.org\/es\/vanguard\/dispensar-una-atencion-culturalmente-competente-la-farmacia-del-centro-centrada-en-el-paciente-hace-mucho-mas-que-surtir-recetas\/\" class=\"!no-underline h-full\">\n  <div class=\"bg-white rounded-10 p-12 pb-10 md:pb-14 h-full transition-shadow hover:shadow-lightPurple\">\n          \n<picture  class=\"w-full aspect-video object-cover\">\n  <source media='(min-width: 834px)' srcset='https:\/\/lalgbtcenter.org\/app\/uploads\/2023\/08\/051323_ZEV_WebsiteShoot_Day2_164-1024x683.jpg 1024w, https:\/\/lalgbtcenter.org\/app\/uploads\/2023\/08\/051323_ZEV_WebsiteShoot_Day2_164-300x200.jpg 300w, https:\/\/lalgbtcenter.org\/app\/uploads\/2023\/08\/051323_ZEV_WebsiteShoot_Day2_164-768x512.jpg 768w, https:\/\/lalgbtcenter.org\/app\/uploads\/2023\/08\/051323_ZEV_WebsiteShoot_Day2_164-1536x1024.jpg 1536w, https:\/\/lalgbtcenter.org\/app\/uploads\/2023\/08\/051323_ZEV_WebsiteShoot_Day2_164-2048x1365.jpg 2048w, https:\/\/lalgbtcenter.org\/app\/uploads\/2023\/08\/051323_ZEV_WebsiteShoot_Day2_164-1x1.jpg 1w, https:\/\/lalgbtcenter.org\/app\/uploads\/2023\/08\/051323_ZEV_WebsiteShoot_Day2_164-230x153.jpg 230w, https:\/\/lalgbtcenter.org\/app\/uploads\/2023\/08\/051323_ZEV_WebsiteShoot_Day2_164-550x367.jpg 550w, https:\/\/lalgbtcenter.org\/app\/uploads\/2023\/08\/051323_ZEV_WebsiteShoot_Day2_164-900x600.jpg 900w, https:\/\/lalgbtcenter.org\/app\/uploads\/2023\/08\/051323_ZEV_WebsiteShoot_Day2_164-1130x753.jpg 1130w, https:\/\/lalgbtcenter.org\/app\/uploads\/2023\/08\/051323_ZEV_WebsiteShoot_Day2_164-1280x853.jpg 1280w, https:\/\/lalgbtcenter.org\/app\/uploads\/2023\/08\/051323_ZEV_WebsiteShoot_Day2_164-1460x973.jpg 1460w' sizes='40vw'>\n  <source media='(max-width: 834px)' srcset='https:\/\/lalgbtcenter.org\/app\/uploads\/2023\/08\/051323_ZEV_WebsiteShoot_Day2_164-1024x683.jpg 1024w, https:\/\/lalgbtcenter.org\/app\/uploads\/2023\/08\/051323_ZEV_WebsiteShoot_Day2_164-300x200.jpg 300w, https:\/\/lalgbtcenter.org\/app\/uploads\/2023\/08\/051323_ZEV_WebsiteShoot_Day2_164-768x512.jpg 768w, https:\/\/lalgbtcenter.org\/app\/uploads\/2023\/08\/051323_ZEV_WebsiteShoot_Day2_164-1536x1024.jpg 1536w, https:\/\/lalgbtcenter.org\/app\/uploads\/2023\/08\/051323_ZEV_WebsiteShoot_Day2_164-2048x1365.jpg 2048w, https:\/\/lalgbtcenter.org\/app\/uploads\/2023\/08\/051323_ZEV_WebsiteShoot_Day2_164-1x1.jpg 1w, https:\/\/lalgbtcenter.org\/app\/uploads\/2023\/08\/051323_ZEV_WebsiteShoot_Day2_164-230x153.jpg 230w, https:\/\/lalgbtcenter.org\/app\/uploads\/2023\/08\/051323_ZEV_WebsiteShoot_Day2_164-550x367.jpg 550w, https:\/\/lalgbtcenter.org\/app\/uploads\/2023\/08\/051323_ZEV_WebsiteShoot_Day2_164-900x600.jpg 900w, https:\/\/lalgbtcenter.org\/app\/uploads\/2023\/08\/051323_ZEV_WebsiteShoot_Day2_164-1130x753.jpg 1130w, https:\/\/lalgbtcenter.org\/app\/uploads\/2023\/08\/051323_ZEV_WebsiteShoot_Day2_164-1280x853.jpg 1280w, https:\/\/lalgbtcenter.org\/app\/uploads\/2023\/08\/051323_ZEV_WebsiteShoot_Day2_164-1460x973.jpg 1460w' sizes='83vw'>\n  <img class=\"w-full h-full object-cover w-full !h-auto aspect-video rounded-10\" src='https:\/\/lalgbtcenter.org\/app\/uploads\/2023\/08\/051323_ZEV_WebsiteShoot_Day2_164-1024x683.jpg' alt='' loading='lazy' \/>\n<\/picture>        <div class=\"w-full gap-4 pt-16\">\n      <p class=\"pl-16 body-legal inline-block text-black\/60\"><\/p>\n      <h3 class=\"!pl-16 !mt-0 !heading-xs\">Dispensar una atenci\u00f3n culturalmente competente: La farmacia del Centro, centrada en el paciente, hace mucho m\u00e1s que surtir recetas<\/h3>\n    <\/div>\n  <\/div>\n<\/a>          \n<a href=\"https:\/\/lalgbtcenter.org\/es\/vanguard\/el-centro-lgbt-de-los-angeles-y-aids-lifecycle-celebran-el-dia-mundial-de-la-lucha-contra-el-sida\/\" class=\"!no-underline h-full\">\n  <div class=\"bg-white rounded-10 p-12 pb-10 md:pb-14 h-full transition-shadow hover:shadow-lightPurple\">\n          \n<picture  class=\"w-full aspect-video object-cover\">\n  <source media='(min-width: 834px)' srcset='https:\/\/lalgbtcenter.org\/app\/uploads\/2023\/12\/120123_WAD_11-1024x683.jpg 1024w, https:\/\/lalgbtcenter.org\/app\/uploads\/2023\/12\/120123_WAD_11-300x200.jpg 300w, https:\/\/lalgbtcenter.org\/app\/uploads\/2023\/12\/120123_WAD_11-768x512.jpg 768w, https:\/\/lalgbtcenter.org\/app\/uploads\/2023\/12\/120123_WAD_11-1536x1024.jpg 1536w, https:\/\/lalgbtcenter.org\/app\/uploads\/2023\/12\/120123_WAD_11-2048x1365.jpg 2048w, https:\/\/lalgbtcenter.org\/app\/uploads\/2023\/12\/120123_WAD_11-1x1.jpg 1w, https:\/\/lalgbtcenter.org\/app\/uploads\/2023\/12\/120123_WAD_11-230x153.jpg 230w, https:\/\/lalgbtcenter.org\/app\/uploads\/2023\/12\/120123_WAD_11-550x367.jpg 550w, https:\/\/lalgbtcenter.org\/app\/uploads\/2023\/12\/120123_WAD_11-900x600.jpg 900w, https:\/\/lalgbtcenter.org\/app\/uploads\/2023\/12\/120123_WAD_11-1130x753.jpg 1130w, https:\/\/lalgbtcenter.org\/app\/uploads\/2023\/12\/120123_WAD_11-1280x853.jpg 1280w, https:\/\/lalgbtcenter.org\/app\/uploads\/2023\/12\/120123_WAD_11-1460x973.jpg 1460w' sizes='40vw'>\n  <source media='(max-width: 834px)' srcset='https:\/\/lalgbtcenter.org\/app\/uploads\/2023\/12\/120123_WAD_11-1024x683.jpg 1024w, https:\/\/lalgbtcenter.org\/app\/uploads\/2023\/12\/120123_WAD_11-300x200.jpg 300w, https:\/\/lalgbtcenter.org\/app\/uploads\/2023\/12\/120123_WAD_11-768x512.jpg 768w, https:\/\/lalgbtcenter.org\/app\/uploads\/2023\/12\/120123_WAD_11-1536x1024.jpg 1536w, https:\/\/lalgbtcenter.org\/app\/uploads\/2023\/12\/120123_WAD_11-2048x1365.jpg 2048w, https:\/\/lalgbtcenter.org\/app\/uploads\/2023\/12\/120123_WAD_11-1x1.jpg 1w, https:\/\/lalgbtcenter.org\/app\/uploads\/2023\/12\/120123_WAD_11-230x153.jpg 230w, https:\/\/lalgbtcenter.org\/app\/uploads\/2023\/12\/120123_WAD_11-550x367.jpg 550w, https:\/\/lalgbtcenter.org\/app\/uploads\/2023\/12\/120123_WAD_11-900x600.jpg 900w, https:\/\/lalgbtcenter.org\/app\/uploads\/2023\/12\/120123_WAD_11-1130x753.jpg 1130w, https:\/\/lalgbtcenter.org\/app\/uploads\/2023\/12\/120123_WAD_11-1280x853.jpg 1280w, https:\/\/lalgbtcenter.org\/app\/uploads\/2023\/12\/120123_WAD_11-1460x973.jpg 1460w' sizes='83vw'>\n  <img class=\"w-full h-full object-cover w-full !h-auto aspect-video rounded-10\" src='https:\/\/lalgbtcenter.org\/app\/uploads\/2023\/12\/120123_WAD_11-1024x683.jpg' alt='' loading='lazy' \/>\n<\/picture>        <div class=\"w-full gap-4 pt-16\">\n      <p class=\"pl-16 body-legal inline-block text-black\/60\"><\/p>\n      <h3 class=\"!pl-16 !mt-0 !heading-xs\">El Centro LGBT de Los \u00c1ngeles y AIDS\/LifeCycle celebran el D\u00eda Mundial de la Lucha contra el SIDA<\/h3>\n    <\/div>\n  <\/div>\n<\/a>          \n<a href=\"https:\/\/lalgbtcenter.org\/es\/vanguard\/retratos-de-orgullo-reconocimiento-a-los-proveedores-de-servicios-sanitarios-del-centro-con-motivo-del-dia-mundial-de-la-lucha-contra-el-sida\/\" class=\"!no-underline h-full\">\n  <div class=\"bg-white rounded-10 p-12 pb-10 md:pb-14 h-full transition-shadow hover:shadow-lightPurple\">\n          \n<picture  class=\"w-full aspect-video object-cover\">\n  <source media='(min-width: 834px)' srcset='https:\/\/lalgbtcenter.org\/app\/uploads\/2023\/12\/JoshLaCour_LGBTCenter-Fabletics-9-1024x683.jpg 1024w, https:\/\/lalgbtcenter.org\/app\/uploads\/2023\/12\/JoshLaCour_LGBTCenter-Fabletics-9-300x200.jpg 300w, https:\/\/lalgbtcenter.org\/app\/uploads\/2023\/12\/JoshLaCour_LGBTCenter-Fabletics-9-768x512.jpg 768w, https:\/\/lalgbtcenter.org\/app\/uploads\/2023\/12\/JoshLaCour_LGBTCenter-Fabletics-9-1536x1024.jpg 1536w, https:\/\/lalgbtcenter.org\/app\/uploads\/2023\/12\/JoshLaCour_LGBTCenter-Fabletics-9-2048x1365.jpg 2048w, https:\/\/lalgbtcenter.org\/app\/uploads\/2023\/12\/JoshLaCour_LGBTCenter-Fabletics-9-1x1.jpg 1w, https:\/\/lalgbtcenter.org\/app\/uploads\/2023\/12\/JoshLaCour_LGBTCenter-Fabletics-9-230x153.jpg 230w, https:\/\/lalgbtcenter.org\/app\/uploads\/2023\/12\/JoshLaCour_LGBTCenter-Fabletics-9-550x367.jpg 550w, https:\/\/lalgbtcenter.org\/app\/uploads\/2023\/12\/JoshLaCour_LGBTCenter-Fabletics-9-900x600.jpg 900w, https:\/\/lalgbtcenter.org\/app\/uploads\/2023\/12\/JoshLaCour_LGBTCenter-Fabletics-9-1130x753.jpg 1130w, https:\/\/lalgbtcenter.org\/app\/uploads\/2023\/12\/JoshLaCour_LGBTCenter-Fabletics-9-1280x853.jpg 1280w, https:\/\/lalgbtcenter.org\/app\/uploads\/2023\/12\/JoshLaCour_LGBTCenter-Fabletics-9-1460x973.jpg 1460w' sizes='40vw'>\n  <source media='(max-width: 834px)' srcset='https:\/\/lalgbtcenter.org\/app\/uploads\/2023\/12\/JoshLaCour_LGBTCenter-Fabletics-9-1024x683.jpg 1024w, https:\/\/lalgbtcenter.org\/app\/uploads\/2023\/12\/JoshLaCour_LGBTCenter-Fabletics-9-300x200.jpg 300w, https:\/\/lalgbtcenter.org\/app\/uploads\/2023\/12\/JoshLaCour_LGBTCenter-Fabletics-9-768x512.jpg 768w, https:\/\/lalgbtcenter.org\/app\/uploads\/2023\/12\/JoshLaCour_LGBTCenter-Fabletics-9-1536x1024.jpg 1536w, https:\/\/lalgbtcenter.org\/app\/uploads\/2023\/12\/JoshLaCour_LGBTCenter-Fabletics-9-2048x1365.jpg 2048w, https:\/\/lalgbtcenter.org\/app\/uploads\/2023\/12\/JoshLaCour_LGBTCenter-Fabletics-9-1x1.jpg 1w, https:\/\/lalgbtcenter.org\/app\/uploads\/2023\/12\/JoshLaCour_LGBTCenter-Fabletics-9-230x153.jpg 230w, https:\/\/lalgbtcenter.org\/app\/uploads\/2023\/12\/JoshLaCour_LGBTCenter-Fabletics-9-550x367.jpg 550w, https:\/\/lalgbtcenter.org\/app\/uploads\/2023\/12\/JoshLaCour_LGBTCenter-Fabletics-9-900x600.jpg 900w, https:\/\/lalgbtcenter.org\/app\/uploads\/2023\/12\/JoshLaCour_LGBTCenter-Fabletics-9-1130x753.jpg 1130w, https:\/\/lalgbtcenter.org\/app\/uploads\/2023\/12\/JoshLaCour_LGBTCenter-Fabletics-9-1280x853.jpg 1280w, https:\/\/lalgbtcenter.org\/app\/uploads\/2023\/12\/JoshLaCour_LGBTCenter-Fabletics-9-1460x973.jpg 1460w' sizes='83vw'>\n  <img class=\"w-full h-full object-cover w-full !h-auto aspect-video rounded-10\" src='https:\/\/lalgbtcenter.org\/app\/uploads\/2023\/12\/JoshLaCour_LGBTCenter-Fabletics-9-1024x683.jpg' alt='' loading='lazy' \/>\n<\/picture>        <div class=\"w-full gap-4 pt-16\">\n      <p class=\"pl-16 body-legal inline-block text-black\/60\"><\/p>\n      <h3 class=\"!pl-16 !mt-0 !heading-xs\">Retratos de orgullo: Reconocimiento a los proveedores de servicios sanitarios del Centro con motivo del D\u00eda Mundial de la Lucha contra el SIDA<\/h3>\n    <\/div>\n  <\/div>\n<\/a>      <\/div>\n<\/div><\/section>","protected":false},"excerpt":{"rendered":"<p>&#8220;Tenemos que educar a la gente. Tenemos que ayudarles a entender que somos importantes, que nuestras vidas importan&#8221;.<\/p>\n","protected":false},"author":23,"featured_media":22050,"comment_status":"closed","ping_status":"closed","sticky":false,"template":"","format":"standard","meta":{"footnotes":""},"categories":[130,135],"tags":[],"class_list":["post-22240","post","type-post","status-publish","format-standard","has-post-thumbnail","hentry","category-historias-del-centro","category-salud-y-bienestar"],"metadata":{"_encloseme":["1"],"_sbi_oembed_done_checking":["1"],"_yoast_wpseo_primary_category":["67"],"_top_nav_excluded":[""],"_cms_nav_minihome":[""],"_yoast_wpseo_metadesc":["\"Tenemos que educar a la gente. Tenemos que ayudarles a entender que somos importantes, que nuestras vidas importan\"."],"_thumbnail_id":["22050"],"_last_translation_edit_mode":["translation-editor"],"_wpml_word_count":["{\"total\":1428,\"to_translate\":{\"en\":1428}}"]},"acf":[],"yoast_head":"<!-- This site is optimized with the Yoast SEO plugin v20.13 - https:\/\/yoast.com\/wordpress\/plugins\/seo\/ -->\n<title>&quot;Nuestras vidas importan&quot;: Nuestros mayores alzan la voz en el D\u00eda de sensibilizaci\u00f3n sobre el VIH\/sida en la poblaci\u00f3n negra - Los Angeles LGBT Center<\/title>\n<meta name=\"description\" content=\"&quot;Tenemos que educar a la gente. Tenemos que ayudarles a entender que somos importantes, que nuestras vidas importan&quot;.\" \/>\n<meta name=\"robots\" content=\"index, follow, max-snippet:-1, max-image-preview:large, max-video-preview:-1\" \/>\n<link rel=\"canonical\" href=\"https:\/\/lalgbtcenter.org\/es\/vanguard\/nuestras-vidas-importan-nuestros-mayores-alzan-la-voz-en-el-dia-de-sensibilizacion-sobre-el-vih-sida-en-la-poblacion-negra\/\" \/>\n<meta property=\"og:locale\" content=\"es_ES\" \/>\n<meta property=\"og:type\" content=\"article\" \/>\n<meta property=\"og:title\" content=\"&quot;Nuestras vidas importan&quot;: Nuestros mayores alzan la voz en el D\u00eda de sensibilizaci\u00f3n sobre el VIH\/sida en la poblaci\u00f3n negra - Los Angeles LGBT Center\" \/>\n<meta property=\"og:description\" content=\"&quot;Tenemos que educar a la gente. Tenemos que ayudarles a entender que somos importantes, que nuestras vidas importan&quot;.\" \/>\n<meta property=\"og:url\" content=\"https:\/\/lalgbtcenter.org\/es\/vanguard\/nuestras-vidas-importan-nuestros-mayores-alzan-la-voz-en-el-dia-de-sensibilizacion-sobre-el-vih-sida-en-la-poblacion-negra\/\" \/>\n<meta property=\"og:site_name\" content=\"Los Angeles LGBT Center\" \/>\n<meta property=\"article:published_time\" content=\"2024-02-07T17:33:29+00:00\" \/>\n<meta property=\"article:modified_time\" content=\"2024-04-10T10:51:42+00:00\" \/>\n<meta property=\"og:image\" content=\"https:\/\/lalgbtcenter.org\/app\/uploads\/2024\/02\/National-Black-HIVAIDS-Awareness-Day-scaled.jpg\" \/>\n\t<meta property=\"og:image:width\" content=\"2560\" \/>\n\t<meta property=\"og:image:height\" content=\"2019\" \/>\n\t<meta property=\"og:image:type\" content=\"image\/jpeg\" \/>\n<meta name=\"author\" content=\"Reid Nakamura\" \/>\n<meta name=\"twitter:card\" content=\"summary_large_image\" \/>\n<meta name=\"twitter:label1\" content=\"Written by\" \/>\n\t<meta name=\"twitter:data1\" content=\"Reid Nakamura\" \/>\n\t<meta name=\"twitter:label2\" content=\"Est. reading time\" \/>\n\t<meta name=\"twitter:data2\" content=\"7 minutes\" \/>\n<script type=\"application\/ld+json\" class=\"yoast-schema-graph\">{\"@context\":\"https:\/\/schema.org\",\"@graph\":[{\"@type\":\"WebPage\",\"@id\":\"https:\/\/lalgbtcenter.org\/es\/vanguard\/nuestras-vidas-importan-nuestros-mayores-alzan-la-voz-en-el-dia-de-sensibilizacion-sobre-el-vih-sida-en-la-poblacion-negra\/\",\"url\":\"https:\/\/lalgbtcenter.org\/es\/vanguard\/nuestras-vidas-importan-nuestros-mayores-alzan-la-voz-en-el-dia-de-sensibilizacion-sobre-el-vih-sida-en-la-poblacion-negra\/\",\"name\":\"\\\"Nuestras vidas importan\\\": Nuestros mayores alzan la voz en el D\u00eda de sensibilizaci\u00f3n sobre el VIH\/sida en la poblaci\u00f3n negra - Los Angeles LGBT Center\",\"isPartOf\":{\"@id\":\"https:\/\/dev-lalgbtcenter.pantheonsite.io\/#website\"},\"datePublished\":\"2024-02-07T17:33:29+00:00\",\"dateModified\":\"2024-04-10T10:51:42+00:00\",\"author\":{\"@id\":\"https:\/\/dev-lalgbtcenter.pantheonsite.io\/#\/schema\/person\/cc5d461e9e6226c4ef2fb8d5531a8a8c\"},\"description\":\"\\\"Tenemos que educar a la gente. Tenemos que ayudarles a entender que somos importantes, que nuestras vidas importan\\\".\",\"inLanguage\":\"es-ES\",\"potentialAction\":[{\"@type\":\"ReadAction\",\"target\":[\"https:\/\/lalgbtcenter.org\/es\/vanguard\/nuestras-vidas-importan-nuestros-mayores-alzan-la-voz-en-el-dia-de-sensibilizacion-sobre-el-vih-sida-en-la-poblacion-negra\/\"]}]},{\"@type\":\"WebSite\",\"@id\":\"https:\/\/dev-lalgbtcenter.pantheonsite.io\/#website\",\"url\":\"https:\/\/dev-lalgbtcenter.pantheonsite.io\/\",\"name\":\"Los Angeles LGBT Center\",\"description\":\"\",\"potentialAction\":[{\"@type\":\"SearchAction\",\"target\":{\"@type\":\"EntryPoint\",\"urlTemplate\":\"https:\/\/dev-lalgbtcenter.pantheonsite.io\/?s={search_term_string}\"},\"query-input\":\"required name=search_term_string\"}],\"inLanguage\":\"es-ES\"},{\"@type\":\"Person\",\"@id\":\"https:\/\/dev-lalgbtcenter.pantheonsite.io\/#\/schema\/person\/cc5d461e9e6226c4ef2fb8d5531a8a8c\",\"name\":\"Reid Nakamura\",\"image\":{\"@type\":\"ImageObject\",\"inLanguage\":\"es-ES\",\"@id\":\"https:\/\/dev-lalgbtcenter.pantheonsite.io\/#\/schema\/person\/image\/\",\"url\":\"https:\/\/secure.gravatar.com\/avatar\/c7d3b2791aad4bee3aa85fdd1177d44c?s=96&d=mm&r=g\",\"contentUrl\":\"https:\/\/secure.gravatar.com\/avatar\/c7d3b2791aad4bee3aa85fdd1177d44c?s=96&d=mm&r=g\",\"caption\":\"Reid Nakamura\"},\"url\":\"https:\/\/lalgbtcenter.org\/es\/vanguard\/author\/rnakamura\/\"}]}<\/script>\n<!-- \/ Yoast SEO plugin. -->","yoast_head_json":{"title":"\"Nuestras vidas importan\": Nuestros mayores alzan la voz en el D\u00eda de sensibilizaci\u00f3n sobre el VIH\/sida en la poblaci\u00f3n negra - Los Angeles LGBT Center","description":"\"Tenemos que educar a la gente. Tenemos que ayudarles a entender que somos importantes, que nuestras vidas importan\".","robots":{"index":"index","follow":"follow","max-snippet":"max-snippet:-1","max-image-preview":"max-image-preview:large","max-video-preview":"max-video-preview:-1"},"canonical":"https:\/\/lalgbtcenter.org\/es\/vanguard\/nuestras-vidas-importan-nuestros-mayores-alzan-la-voz-en-el-dia-de-sensibilizacion-sobre-el-vih-sida-en-la-poblacion-negra\/","og_locale":"es_ES","og_type":"article","og_title":"\"Nuestras vidas importan\": Nuestros mayores alzan la voz en el D\u00eda de sensibilizaci\u00f3n sobre el VIH\/sida en la poblaci\u00f3n negra - Los Angeles LGBT Center","og_description":"\"Tenemos que educar a la gente. Tenemos que ayudarles a entender que somos importantes, que nuestras vidas importan\".","og_url":"https:\/\/lalgbtcenter.org\/es\/vanguard\/nuestras-vidas-importan-nuestros-mayores-alzan-la-voz-en-el-dia-de-sensibilizacion-sobre-el-vih-sida-en-la-poblacion-negra\/","og_site_name":"Los Angeles LGBT Center","article_published_time":"2024-02-07T17:33:29+00:00","article_modified_time":"2024-04-10T10:51:42+00:00","og_image":[{"width":2560,"height":2019,"url":"https:\/\/lalgbtcenter.org\/app\/uploads\/2024\/02\/National-Black-HIVAIDS-Awareness-Day-scaled.jpg","type":"image\/jpeg"}],"author":"Reid Nakamura","twitter_card":"summary_large_image","twitter_misc":{"Written by":"Reid Nakamura","Est. reading time":"7 minutes"},"schema":{"@context":"https:\/\/schema.org","@graph":[{"@type":"WebPage","@id":"https:\/\/lalgbtcenter.org\/es\/vanguard\/nuestras-vidas-importan-nuestros-mayores-alzan-la-voz-en-el-dia-de-sensibilizacion-sobre-el-vih-sida-en-la-poblacion-negra\/","url":"https:\/\/lalgbtcenter.org\/es\/vanguard\/nuestras-vidas-importan-nuestros-mayores-alzan-la-voz-en-el-dia-de-sensibilizacion-sobre-el-vih-sida-en-la-poblacion-negra\/","name":"\"Nuestras vidas importan\": Nuestros mayores alzan la voz en el D\u00eda de sensibilizaci\u00f3n sobre el VIH\/sida en la poblaci\u00f3n negra - Los Angeles LGBT Center","isPartOf":{"@id":"https:\/\/dev-lalgbtcenter.pantheonsite.io\/#website"},"datePublished":"2024-02-07T17:33:29+00:00","dateModified":"2024-04-10T10:51:42+00:00","author":{"@id":"https:\/\/dev-lalgbtcenter.pantheonsite.io\/#\/schema\/person\/cc5d461e9e6226c4ef2fb8d5531a8a8c"},"description":"\"Tenemos que educar a la gente. Tenemos que ayudarles a entender que somos importantes, que nuestras vidas importan\".","inLanguage":"es-ES","potentialAction":[{"@type":"ReadAction","target":["https:\/\/lalgbtcenter.org\/es\/vanguard\/nuestras-vidas-importan-nuestros-mayores-alzan-la-voz-en-el-dia-de-sensibilizacion-sobre-el-vih-sida-en-la-poblacion-negra\/"]}]},{"@type":"WebSite","@id":"https:\/\/dev-lalgbtcenter.pantheonsite.io\/#website","url":"https:\/\/dev-lalgbtcenter.pantheonsite.io\/","name":"Los Angeles LGBT Center","description":"","potentialAction":[{"@type":"SearchAction","target":{"@type":"EntryPoint","urlTemplate":"https:\/\/dev-lalgbtcenter.pantheonsite.io\/?s={search_term_string}"},"query-input":"required name=search_term_string"}],"inLanguage":"es-ES"},{"@type":"Person","@id":"https:\/\/dev-lalgbtcenter.pantheonsite.io\/#\/schema\/person\/cc5d461e9e6226c4ef2fb8d5531a8a8c","name":"Reid Nakamura","image":{"@type":"ImageObject","inLanguage":"es-ES","@id":"https:\/\/dev-lalgbtcenter.pantheonsite.io\/#\/schema\/person\/image\/","url":"https:\/\/secure.gravatar.com\/avatar\/c7d3b2791aad4bee3aa85fdd1177d44c?s=96&d=mm&r=g","contentUrl":"https:\/\/secure.gravatar.com\/avatar\/c7d3b2791aad4bee3aa85fdd1177d44c?s=96&d=mm&r=g","caption":"Reid Nakamura"},"url":"https:\/\/lalgbtcenter.org\/es\/vanguard\/author\/rnakamura\/"}]}},"_links":{"self":[{"href":"https:\/\/lalgbtcenter.org\/es\/wp-json\/wp\/v2\/posts\/22240"}],"collection":[{"href":"https:\/\/lalgbtcenter.org\/es\/wp-json\/wp\/v2\/posts"}],"about":[{"href":"https:\/\/lalgbtcenter.org\/es\/wp-json\/wp\/v2\/types\/post"}],"author":[{"embeddable":true,"href":"https:\/\/lalgbtcenter.org\/es\/wp-json\/wp\/v2\/users\/23"}],"replies":[{"embeddable":true,"href":"https:\/\/lalgbtcenter.org\/es\/wp-json\/wp\/v2\/comments?post=22240"}],"version-history":[{"count":1,"href":"https:\/\/lalgbtcenter.org\/es\/wp-json\/wp\/v2\/posts\/22240\/revisions"}],"predecessor-version":[{"id":22254,"href":"https:\/\/lalgbtcenter.org\/es\/wp-json\/wp\/v2\/posts\/22240\/revisions\/22254"}],"wp:featuredmedia":[{"embeddable":true,"href":"https:\/\/lalgbtcenter.org\/es\/wp-json\/wp\/v2\/media\/22050"}],"wp:attachment":[{"href":"https:\/\/lalgbtcenter.org\/es\/wp-json\/wp\/v2\/media?parent=22240"}],"wp:term":[{"taxonomy":"category","embeddable":true,"href":"https:\/\/lalgbtcenter.org\/es\/wp-json\/wp\/v2\/categories?post=22240"},{"taxonomy":"post_tag","embeddable":true,"href":"https:\/\/lalgbtcenter.org\/es\/wp-json\/wp\/v2\/tags?post=22240"}],"curies":[{"name":"wp","href":"https:\/\/api.w.org\/{rel}","templated":true}]}}