{"id":22230,"date":"2023-09-23T10:57:51","date_gmt":"2023-09-23T17:57:51","guid":{"rendered":"https:\/\/lalgbtcenter.org\/vanguard\/celebracion-del-dia-de-la-visibilidad-biologica-romper-estereotipos-y-abrazar-la-diversidad\/"},"modified":"2024-04-10T03:51:41","modified_gmt":"2024-04-10T10:51:41","slug":"celebracion-del-dia-de-la-visibilidad-biologica-romper-estereotipos-y-abrazar-la-diversidad","status":"publish","type":"post","link":"https:\/\/lalgbtcenter.org\/es\/vanguard\/celebracion-del-dia-de-la-visibilidad-biologica-romper-estereotipos-y-abrazar-la-diversidad\/","title":{"rendered":"Celebraci\u00f3n del D\u00eda de la Visibilidad Biol\u00f3gica: Romper estereotipos y abrazar la diversidad"},"content":{"rendered":"\n<p>El 23 de septiembre celebramos la fiesta internacional del D\u00eda de la Visibilidad Biol\u00f3gica. El D\u00eda de la Visibilidad Biol\u00f3gica se cre\u00f3 para reconocer y celebrar a la comunidad bi+. Se origin\u00f3 en 1999 en la Conferencia de la Asociaci\u00f3n Internacional de Lesbianas y Gays celebrada en Johannesburgo, Sud\u00e1frica, despu\u00e9s de que tres activistas bi+, Wendy Curry, Michael Page y Gigi Raven Wilbur, vieran la necesidad de proporcionar un d\u00eda espec\u00edfico para celebrar y centrar a la comunidad bi. En 2014, la Semana de Concienciaci\u00f3n Bisexual fue cofundada formalmente por GLAAD y BiNet USA y desde entonces se celebra anualmente del 16 al 23 de septiembre.<\/p>\n\n<p>El D\u00eda de la Visibilidad Biol\u00f3gica y la Semana de Concienciaci\u00f3n son una forma de reconocer y apoyar realmente la B en LGBTQ+. La defensora de los bisexuales, Robyn Ochs, defini\u00f3 esta identidad como &#8220;la posibilidad de sentirse atra\u00eddo -rom\u00e1ntica y\/o sexualmente- por personas de m\u00e1s de un sexo y\/o g\u00e9nero, no necesariamente al mismo tiempo, no necesariamente de la misma manera y no necesariamente en el mismo grado&#8221;. Los bisexuales se sienten atra\u00eddos por g\u00e9neros como el suyo y tambi\u00e9n por otros, incluso los que no se limitan al g\u00e9nero binario, como sugiere el prefijo bi. Seg\u00fan diversas investigaciones, se ha demostrado que m\u00e1s de la mitad de los estadounidenses LGBTQ+ se identifican como bisexuales. Sin embargo, los bisexuales tienen menos probabilidades de salir del armario que sus compa\u00f1eros gays o lesbianas y se enfrentan a importantes retos propios de su identidad, como la bifobia y la biolesi\u00f3n.<\/p>\n\n<p>La bifobia es la intolerancia, el prejuicio, la discriminaci\u00f3n y, a veces, el odio hacia las personas bisexuales basados en prejuicios o estereotipos, y puede manifestarse como comentarios verbales o da\u00f1os f\u00edsicos. Entre los estereotipos m\u00e1s comunes de los bisexuales se encuentran el de ser voraces o demasiado promiscuos. Se hace demasiado hincapi\u00e9 en el &#8220;sexo&#8221; de la bisexualidad, y nuestra cultura proyecta su fascinaci\u00f3n y condena del sexo y el placer sobre los bisexuales. En la sociedad, la bisexualidad pas\u00f3 a equipararse con la no monogamia, los tr\u00edos y los mitos del enga\u00f1o.  <\/p>\n\n<p>Estos estereotipos refuerzan la bifobia, que deshumaniza los matices de la bisexualidad y, en su lugar, la considera superficialmente o con suposiciones cargadas. Las <a href=\"https:\/\/www.ncbi.nlm.nih.gov\/pmc\/articles\/PMC9636102\/\">investigaciones demues<\/a> tran que la bifobia tiene efectos reales: las personas bisexuales presentan niveles m\u00e1s altos de s\u00edntomas depresivos y de ansiedad que las lesbianas y los gays. Esto se debe a que los bisexuales tambi\u00e9n se enfrentan a la falta de aceptaci\u00f3n tanto de la comunidad heterosexual como de la comunidad LGBTQ+ a trav\u00e9s de estereotipos, desconfianza general e incluso bi-erasi\u00f3n.  <\/p>\n\n<p>La bisexualidad es una forma de bifobia que trata de ignorar, eliminar o reexplicar situaciones que son bisexuales como si no lo fueran. Puede tratarse de una persona a la que se le dice que ahora es gay porque sale con alguien de su mismo sexo, aunque en el pasado haya tenido parejas de otro sexo. La bisexualidad es perjudicial y, en su forma m\u00e1s extrema, puede ser una negaci\u00f3n total de la existencia de la bisexualidad.  <\/p>\n\n<p>Muchos bisexuales sienten una presi\u00f3n adicional a la hora de etiquetar su sexualidad porque no saben si son lo &#8220;suficientemente bisexuales&#8221;, pero no se necesita ninguna cualificaci\u00f3n para ser bisexual. La bisexualidad tiene que ver con la atracci\u00f3n, as\u00ed que, independientemente de la historia rom\u00e1ntica o sexual real, si alguien se identifica como bisexual, hay que respetarlo. Adem\u00e1s, es un error com\u00fan pensar que los bisexuales intentan ocultar su identidad bajo el disfraz de la heterosexualidad, tambi\u00e9n conocida como &#8220;heterosexualidad pasajera&#8221;. Pero esta decisi\u00f3n de estar fuera se toma en funci\u00f3n de la seguridad y del nivel de comodidad con los dem\u00e1s. Todos los miembros de la comunidad LGBTQ+ deben sentirse vistos, apoyados y respetados dentro de la comunidad para ayudarnos a conseguir una verdadera igualdad.  <\/p>\n\n<p>Una herramienta fuerte para luchar contra la bisexualidad es simplemente decir &#8220;bisexual&#8221;. No tengas miedo de incluir la bisexualidad en las conversaciones sobre la inclusi\u00f3n o la comunidad LGBTQ+, e incluso en situaciones de la vida cotidiana. Al nombrar y respetar la bisexualidad, puedes ayudar a reducir el estigma y apoyar a la comunidad. Si alguien es bisexual y lo declara abiertamente, apoye su identidad reconoci\u00e9ndola.  <\/p>\n\n<p>Aqu\u00ed tienes otras formas de ser un aliado bi+:<\/p>\n\n<ul class=\"wp-block-list\">\n<li><strong>No obligues a las personas Bi+ a demostrar nada<\/strong>\n<ul class=\"wp-block-list\">\n<li>No hagas preguntas invasivas a las personas Bi+ sobre sus experiencias y con qui\u00e9n se han acostado. Nadie tiene que demostrar nunca qui\u00e9n es.  <\/li>\n<\/ul>\n<\/li>\n\n\n\n<li><strong>Dejar que las personas Bi+ sean din\u00e1micas<\/strong>\n<ul class=\"wp-block-list\">\n<li>Nadie se define \u00fanicamente por su orientaci\u00f3n sexual, as\u00ed que mira a las personas Bi+ en tu vida y en los medios de comunicaci\u00f3n como son en su totalidad.<\/li>\n<\/ul>\n<\/li>\n\n\n\n<li><strong>Dar el micr\u00f3fono a las personas Bi+<\/strong>\n<ul class=\"wp-block-list\">\n<li>Escuche los pensamientos, sentimientos y opiniones de la comunidad Bi+ para saber c\u00f3mo les afecta algo.<\/li>\n<\/ul>\n<\/li>\n\n\n\n<li><strong>Apoyar la representaci\u00f3n bi+ en la pantalla<\/strong>\n<ul class=\"wp-block-list\">\n<li>Apoyar a los medios de comunicaci\u00f3n que ofrezcan una representaci\u00f3n aut\u00e9ntica de la comunidad Bi+ realizada por creadores Bi+ que no refuercen los estereotipos.<\/li>\n<\/ul>\n<\/li>\n<\/ul>\n\n<p>La Semana de la Concienciaci\u00f3n Bi y el D\u00eda de la Visibilidad permiten a las personas bisexuales reivindicar sus propios relatos y expresar su singular historia, al tiempo que educan a las personas que no son bisexuales. Es un momento crucial para reconocer los problemas a los que se enfrentan los bisexuales y reducir el estigma que sufren estas personas.<\/p>\n\n\n<section class=\"w-full my-48 md:my-64\">\n  \n<div class=\"relative\">\n  <h2 class=\"!pl-0 !heading-md mb-16 md:mb-24\">Seguir leyendo<\/h2>\n  <div class=\"grid grid-cols-1 md:grid-cols-2 gap-26 md:gap-32\">\n          \n<a href=\"https:\/\/lalgbtcenter.org\/es\/vanguard\/mi-corona-esta-pagada-12-retratos-centrales-de-juneteenth\/\" class=\"!no-underline h-full\">\n  <div class=\"bg-white rounded-10 p-12 pb-10 md:pb-14 h-full transition-shadow hover:shadow-lightPurple\">\n          \n<picture  class=\"w-full aspect-video object-cover\">\n  <source media='(min-width: 834px)' srcset='https:\/\/lalgbtcenter.org\/app\/uploads\/2023\/06\/juneteenth-resized-hero-1024x576.png 1024w, https:\/\/lalgbtcenter.org\/app\/uploads\/2023\/06\/juneteenth-resized-hero-300x169.png 300w, https:\/\/lalgbtcenter.org\/app\/uploads\/2023\/06\/juneteenth-resized-hero-768x432.png 768w, https:\/\/lalgbtcenter.org\/app\/uploads\/2023\/06\/juneteenth-resized-hero-1536x864.png 1536w, https:\/\/lalgbtcenter.org\/app\/uploads\/2023\/06\/juneteenth-resized-hero-1x1.png 1w, https:\/\/lalgbtcenter.org\/app\/uploads\/2023\/06\/juneteenth-resized-hero-230x129.png 230w, https:\/\/lalgbtcenter.org\/app\/uploads\/2023\/06\/juneteenth-resized-hero-550x309.png 550w, https:\/\/lalgbtcenter.org\/app\/uploads\/2023\/06\/juneteenth-resized-hero-900x506.png 900w, https:\/\/lalgbtcenter.org\/app\/uploads\/2023\/06\/juneteenth-resized-hero-1130x636.png 1130w, https:\/\/lalgbtcenter.org\/app\/uploads\/2023\/06\/juneteenth-resized-hero-1280x720.png 1280w, https:\/\/lalgbtcenter.org\/app\/uploads\/2023\/06\/juneteenth-resized-hero-1460x821.png 1460w, https:\/\/lalgbtcenter.org\/app\/uploads\/2023\/06\/juneteenth-resized-hero.png 1856w' sizes='40vw'>\n  <source media='(max-width: 834px)' srcset='https:\/\/lalgbtcenter.org\/app\/uploads\/2023\/06\/juneteenth-resized-hero-1024x576.png 1024w, https:\/\/lalgbtcenter.org\/app\/uploads\/2023\/06\/juneteenth-resized-hero-300x169.png 300w, https:\/\/lalgbtcenter.org\/app\/uploads\/2023\/06\/juneteenth-resized-hero-768x432.png 768w, https:\/\/lalgbtcenter.org\/app\/uploads\/2023\/06\/juneteenth-resized-hero-1536x864.png 1536w, https:\/\/lalgbtcenter.org\/app\/uploads\/2023\/06\/juneteenth-resized-hero-1x1.png 1w, https:\/\/lalgbtcenter.org\/app\/uploads\/2023\/06\/juneteenth-resized-hero-230x129.png 230w, https:\/\/lalgbtcenter.org\/app\/uploads\/2023\/06\/juneteenth-resized-hero-550x309.png 550w, https:\/\/lalgbtcenter.org\/app\/uploads\/2023\/06\/juneteenth-resized-hero-900x506.png 900w, https:\/\/lalgbtcenter.org\/app\/uploads\/2023\/06\/juneteenth-resized-hero-1130x636.png 1130w, https:\/\/lalgbtcenter.org\/app\/uploads\/2023\/06\/juneteenth-resized-hero-1280x720.png 1280w, https:\/\/lalgbtcenter.org\/app\/uploads\/2023\/06\/juneteenth-resized-hero-1460x821.png 1460w, https:\/\/lalgbtcenter.org\/app\/uploads\/2023\/06\/juneteenth-resized-hero.png 1856w' sizes='83vw'>\n  <img class=\"w-full h-full object-cover w-full !h-auto aspect-video rounded-10\" src='https:\/\/lalgbtcenter.org\/app\/uploads\/2023\/06\/juneteenth-resized-hero-1024x576.png' alt='' loading='lazy' \/>\n<\/picture>        <div class=\"w-full gap-4 pt-16\">\n      <p class=\"pl-16 body-legal inline-block text-black\/60\"><\/p>\n      <h3 class=\"!pl-16 !mt-0 !heading-xs\">&quot;Mi corona est\u00e1 pagada&quot;: 12 Retratos Centrales de Juneteenth<\/h3>\n    <\/div>\n  <\/div>\n<\/a>          \n<a href=\"https:\/\/lalgbtcenter.org\/es\/vanguard\/introspecciones-el-centro-lgbt-de-los-angeles-rinde-homenaje-a-los-artistas-mayores-en-una-exposicion-especial\/\" class=\"!no-underline h-full\">\n  <div class=\"bg-white rounded-10 p-12 pb-10 md:pb-14 h-full transition-shadow hover:shadow-lightPurple\">\n          \n<picture  class=\"w-full aspect-video object-cover\">\n  <source media='(min-width: 834px)' srcset='https:\/\/lalgbtcenter.org\/app\/uploads\/2023\/06\/LALGBT-Center-Art-Showcase-1024x683.jpg 1024w, https:\/\/lalgbtcenter.org\/app\/uploads\/2023\/06\/LALGBT-Center-Art-Showcase-300x200.jpg 300w, https:\/\/lalgbtcenter.org\/app\/uploads\/2023\/06\/LALGBT-Center-Art-Showcase-768x512.jpg 768w, https:\/\/lalgbtcenter.org\/app\/uploads\/2023\/06\/LALGBT-Center-Art-Showcase-1x1.jpg 1w, https:\/\/lalgbtcenter.org\/app\/uploads\/2023\/06\/LALGBT-Center-Art-Showcase-770x513.jpg 770w, https:\/\/lalgbtcenter.org\/app\/uploads\/2023\/06\/LALGBT-Center-Art-Showcase-850x567.jpg 850w, https:\/\/lalgbtcenter.org\/app\/uploads\/2023\/06\/LALGBT-Center-Art-Showcase-910x607.jpg 910w, https:\/\/lalgbtcenter.org\/app\/uploads\/2023\/06\/LALGBT-Center-Art-Showcase-1100x733.jpg 1100w, https:\/\/lalgbtcenter.org\/app\/uploads\/2023\/06\/LALGBT-Center-Art-Showcase-1200x800.jpg 1200w, https:\/\/lalgbtcenter.org\/app\/uploads\/2023\/06\/LALGBT-Center-Art-Showcase-1460x973.jpg 1460w, https:\/\/lalgbtcenter.org\/app\/uploads\/2023\/06\/LALGBT-Center-Art-Showcase.jpg 1536w' sizes='40vw'>\n  <source media='(max-width: 834px)' srcset='https:\/\/lalgbtcenter.org\/app\/uploads\/2023\/06\/LALGBT-Center-Art-Showcase-1024x683.jpg 1024w, https:\/\/lalgbtcenter.org\/app\/uploads\/2023\/06\/LALGBT-Center-Art-Showcase-300x200.jpg 300w, https:\/\/lalgbtcenter.org\/app\/uploads\/2023\/06\/LALGBT-Center-Art-Showcase-768x512.jpg 768w, https:\/\/lalgbtcenter.org\/app\/uploads\/2023\/06\/LALGBT-Center-Art-Showcase-1x1.jpg 1w, https:\/\/lalgbtcenter.org\/app\/uploads\/2023\/06\/LALGBT-Center-Art-Showcase-770x513.jpg 770w, https:\/\/lalgbtcenter.org\/app\/uploads\/2023\/06\/LALGBT-Center-Art-Showcase-850x567.jpg 850w, https:\/\/lalgbtcenter.org\/app\/uploads\/2023\/06\/LALGBT-Center-Art-Showcase-910x607.jpg 910w, https:\/\/lalgbtcenter.org\/app\/uploads\/2023\/06\/LALGBT-Center-Art-Showcase-1100x733.jpg 1100w, https:\/\/lalgbtcenter.org\/app\/uploads\/2023\/06\/LALGBT-Center-Art-Showcase-1200x800.jpg 1200w, https:\/\/lalgbtcenter.org\/app\/uploads\/2023\/06\/LALGBT-Center-Art-Showcase-1460x973.jpg 1460w, https:\/\/lalgbtcenter.org\/app\/uploads\/2023\/06\/LALGBT-Center-Art-Showcase.jpg 1536w' sizes='83vw'>\n  <img class=\"w-full h-full object-cover w-full !h-auto aspect-video rounded-10\" src='https:\/\/lalgbtcenter.org\/app\/uploads\/2023\/06\/LALGBT-Center-Art-Showcase-1024x683.jpg' alt='' loading='lazy' \/>\n<\/picture>        <div class=\"w-full gap-4 pt-16\">\n      <p class=\"pl-16 body-legal inline-block text-black\/60\"><\/p>\n      <h3 class=\"!pl-16 !mt-0 !heading-xs\">Introspecciones: El Centro LGBT de Los \u00c1ngeles rinde homenaje a los artistas mayores en una exposici\u00f3n especial<\/h3>\n    <\/div>\n  <\/div>\n<\/a>          \n<a href=\"https:\/\/lalgbtcenter.org\/es\/vanguard\/la-casa-de-avalon-y-las-hermanas-de-la-perpetua-indulgencia-se-unen-al-personal-del-centro-y-a-los-simpatizantes-del-orgullo-de-los-angeles-a-la-mierda-los-margenes-somos-el-centro\/\" class=\"!no-underline h-full\">\n  <div class=\"bg-white rounded-10 p-12 pb-10 md:pb-14 h-full transition-shadow hover:shadow-lightPurple\">\n          \n<picture  class=\"w-full aspect-video object-cover\">\n  <source media='(min-width: 834px)' srcset='https:\/\/lalgbtcenter.org\/app\/uploads\/2023\/06\/061123_LAPride_069-1-1024x683.jpg 1024w, https:\/\/lalgbtcenter.org\/app\/uploads\/2023\/06\/061123_LAPride_069-1-300x200.jpg 300w, https:\/\/lalgbtcenter.org\/app\/uploads\/2023\/06\/061123_LAPride_069-1-768x512.jpg 768w, https:\/\/lalgbtcenter.org\/app\/uploads\/2023\/06\/061123_LAPride_069-1-1536x1024.jpg 1536w, https:\/\/lalgbtcenter.org\/app\/uploads\/2023\/06\/061123_LAPride_069-1-2048x1365.jpg 2048w, https:\/\/lalgbtcenter.org\/app\/uploads\/2023\/06\/061123_LAPride_069-1-1x1.jpg 1w, https:\/\/lalgbtcenter.org\/app\/uploads\/2023\/06\/061123_LAPride_069-1-230x153.jpg 230w, https:\/\/lalgbtcenter.org\/app\/uploads\/2023\/06\/061123_LAPride_069-1-550x367.jpg 550w, https:\/\/lalgbtcenter.org\/app\/uploads\/2023\/06\/061123_LAPride_069-1-900x600.jpg 900w, https:\/\/lalgbtcenter.org\/app\/uploads\/2023\/06\/061123_LAPride_069-1-1130x753.jpg 1130w, https:\/\/lalgbtcenter.org\/app\/uploads\/2023\/06\/061123_LAPride_069-1-1280x853.jpg 1280w, https:\/\/lalgbtcenter.org\/app\/uploads\/2023\/06\/061123_LAPride_069-1-1460x973.jpg 1460w' sizes='40vw'>\n  <source media='(max-width: 834px)' srcset='https:\/\/lalgbtcenter.org\/app\/uploads\/2023\/06\/061123_LAPride_069-1-1024x683.jpg 1024w, https:\/\/lalgbtcenter.org\/app\/uploads\/2023\/06\/061123_LAPride_069-1-300x200.jpg 300w, https:\/\/lalgbtcenter.org\/app\/uploads\/2023\/06\/061123_LAPride_069-1-768x512.jpg 768w, https:\/\/lalgbtcenter.org\/app\/uploads\/2023\/06\/061123_LAPride_069-1-1536x1024.jpg 1536w, https:\/\/lalgbtcenter.org\/app\/uploads\/2023\/06\/061123_LAPride_069-1-2048x1365.jpg 2048w, https:\/\/lalgbtcenter.org\/app\/uploads\/2023\/06\/061123_LAPride_069-1-1x1.jpg 1w, https:\/\/lalgbtcenter.org\/app\/uploads\/2023\/06\/061123_LAPride_069-1-230x153.jpg 230w, https:\/\/lalgbtcenter.org\/app\/uploads\/2023\/06\/061123_LAPride_069-1-550x367.jpg 550w, https:\/\/lalgbtcenter.org\/app\/uploads\/2023\/06\/061123_LAPride_069-1-900x600.jpg 900w, https:\/\/lalgbtcenter.org\/app\/uploads\/2023\/06\/061123_LAPride_069-1-1130x753.jpg 1130w, https:\/\/lalgbtcenter.org\/app\/uploads\/2023\/06\/061123_LAPride_069-1-1280x853.jpg 1280w, https:\/\/lalgbtcenter.org\/app\/uploads\/2023\/06\/061123_LAPride_069-1-1460x973.jpg 1460w' sizes='83vw'>\n  <img class=\"w-full h-full object-cover w-full !h-auto aspect-video rounded-10\" src='https:\/\/lalgbtcenter.org\/app\/uploads\/2023\/06\/061123_LAPride_069-1-1024x683.jpg' alt='' loading='lazy' \/>\n<\/picture>        <div class=\"w-full gap-4 pt-16\">\n      <p class=\"pl-16 body-legal inline-block text-black\/60\"><\/p>\n      <h3 class=\"!pl-16 !mt-0 !heading-xs\">La Casa de Avalon y las Hermanas de la Perpetua Indulgencia se unen al personal del Centro y a los simpatizantes del Orgullo de Los \u00c1ngeles: &quot;A la mierda los m\u00e1rgenes. Somos el Centro&quot;.<\/h3>\n    <\/div>\n  <\/div>\n<\/a>          \n<a href=\"https:\/\/lalgbtcenter.org\/es\/vanguard\/actores-deportistas-y-activistas-trans-celebran-la-comunidad-y-la-solidaridad-en-el-primer-ayuntamiento-trans-de-la-historia\/\" class=\"!no-underline h-full\">\n  <div class=\"bg-white rounded-10 p-12 pb-10 md:pb-14 h-full transition-shadow hover:shadow-lightPurple\">\n          \n<picture  class=\"w-full aspect-video object-cover\">\n  <source media='(min-width: 834px)' srcset='https:\/\/lalgbtcenter.org\/app\/uploads\/2023\/08\/230616_TransPride_1778-1024x683.jpg 1024w, https:\/\/lalgbtcenter.org\/app\/uploads\/2023\/08\/230616_TransPride_1778-300x200.jpg 300w, https:\/\/lalgbtcenter.org\/app\/uploads\/2023\/08\/230616_TransPride_1778-768x512.jpg 768w, https:\/\/lalgbtcenter.org\/app\/uploads\/2023\/08\/230616_TransPride_1778-1536x1024.jpg 1536w, https:\/\/lalgbtcenter.org\/app\/uploads\/2023\/08\/230616_TransPride_1778-2048x1365.jpg 2048w, https:\/\/lalgbtcenter.org\/app\/uploads\/2023\/08\/230616_TransPride_1778-1x1.jpg 1w, https:\/\/lalgbtcenter.org\/app\/uploads\/2023\/08\/230616_TransPride_1778-230x153.jpg 230w, https:\/\/lalgbtcenter.org\/app\/uploads\/2023\/08\/230616_TransPride_1778-550x367.jpg 550w, https:\/\/lalgbtcenter.org\/app\/uploads\/2023\/08\/230616_TransPride_1778-900x600.jpg 900w, https:\/\/lalgbtcenter.org\/app\/uploads\/2023\/08\/230616_TransPride_1778-1130x753.jpg 1130w, https:\/\/lalgbtcenter.org\/app\/uploads\/2023\/08\/230616_TransPride_1778-1280x853.jpg 1280w, https:\/\/lalgbtcenter.org\/app\/uploads\/2023\/08\/230616_TransPride_1778-1460x973.jpg 1460w' sizes='40vw'>\n  <source media='(max-width: 834px)' srcset='https:\/\/lalgbtcenter.org\/app\/uploads\/2023\/08\/230616_TransPride_1778-1024x683.jpg 1024w, https:\/\/lalgbtcenter.org\/app\/uploads\/2023\/08\/230616_TransPride_1778-300x200.jpg 300w, https:\/\/lalgbtcenter.org\/app\/uploads\/2023\/08\/230616_TransPride_1778-768x512.jpg 768w, https:\/\/lalgbtcenter.org\/app\/uploads\/2023\/08\/230616_TransPride_1778-1536x1024.jpg 1536w, https:\/\/lalgbtcenter.org\/app\/uploads\/2023\/08\/230616_TransPride_1778-2048x1365.jpg 2048w, https:\/\/lalgbtcenter.org\/app\/uploads\/2023\/08\/230616_TransPride_1778-1x1.jpg 1w, https:\/\/lalgbtcenter.org\/app\/uploads\/2023\/08\/230616_TransPride_1778-230x153.jpg 230w, https:\/\/lalgbtcenter.org\/app\/uploads\/2023\/08\/230616_TransPride_1778-550x367.jpg 550w, https:\/\/lalgbtcenter.org\/app\/uploads\/2023\/08\/230616_TransPride_1778-900x600.jpg 900w, https:\/\/lalgbtcenter.org\/app\/uploads\/2023\/08\/230616_TransPride_1778-1130x753.jpg 1130w, https:\/\/lalgbtcenter.org\/app\/uploads\/2023\/08\/230616_TransPride_1778-1280x853.jpg 1280w, https:\/\/lalgbtcenter.org\/app\/uploads\/2023\/08\/230616_TransPride_1778-1460x973.jpg 1460w' sizes='83vw'>\n  <img class=\"w-full h-full object-cover w-full !h-auto aspect-video rounded-10\" src='https:\/\/lalgbtcenter.org\/app\/uploads\/2023\/08\/230616_TransPride_1778-1024x683.jpg' alt='Trans Pride 2023' loading='lazy' \/>\n<\/picture>        <div class=\"w-full gap-4 pt-16\">\n      <p class=\"pl-16 body-legal inline-block text-black\/60\"><\/p>\n      <h3 class=\"!pl-16 !mt-0 !heading-xs\">Actores, deportistas y activistas trans celebran la comunidad y la solidaridad en el primer Ayuntamiento Trans de la historia<\/h3>\n    <\/div>\n  <\/div>\n<\/a>      <\/div>\n<\/div><\/section>","protected":false},"excerpt":{"rendered":"<p>El 23 de septiembre celebramos la fiesta internacional del D\u00eda de la Visibilidad Biol\u00f3gica. El D\u00eda de la Visibilidad Biol\u00f3gica se cre\u00f3 para reconocer y celebrar a la comunidad bi+. Se origin\u00f3 en 1999 en la Conferencia de la Asociaci\u00f3n Internacional de Lesbianas y Gays celebrada en Johannesburgo, Sud\u00e1frica, despu\u00e9s de que tres activistas bi+, [&hellip;]<\/p>\n","protected":false},"author":40,"featured_media":21809,"comment_status":"closed","ping_status":"closed","sticky":false,"template":"","format":"standard","meta":{"footnotes":""},"categories":[135],"tags":[],"class_list":["post-22230","post","type-post","status-publish","format-standard","has-post-thumbnail","hentry","category-salud-y-bienestar"],"metadata":{"_encloseme":["1"],"_sbi_oembed_done_checking":["1"],"_yoast_wpseo_primary_category":["67"],"_top_nav_excluded":[""],"_cms_nav_minihome":[""],"_yoast_wpseo_metadesc":["El D\u00eda de la Visibilidad Bi+ tiene una gran importancia en la comunidad bi y fuera de ella."],"_thumbnail_id":["21809"],"_last_translation_edit_mode":["translation-editor"],"_wpml_word_count":["{\"total\":943,\"to_translate\":{\"en\":943}}"]},"acf":[],"yoast_head":"<!-- This site is optimized with the Yoast SEO plugin v20.13 - https:\/\/yoast.com\/wordpress\/plugins\/seo\/ -->\n<title>Celebraci\u00f3n del D\u00eda de la Visibilidad Biol\u00f3gica: Romper estereotipos y abrazar la diversidad - Los Angeles LGBT Center<\/title>\n<meta name=\"description\" content=\"El D\u00eda de la Visibilidad Bi+ tiene una gran importancia en la comunidad bi y fuera de ella.\" \/>\n<meta name=\"robots\" content=\"index, follow, max-snippet:-1, max-image-preview:large, max-video-preview:-1\" \/>\n<link rel=\"canonical\" href=\"https:\/\/lalgbtcenter.org\/es\/vanguard\/celebracion-del-dia-de-la-visibilidad-biologica-romper-estereotipos-y-abrazar-la-diversidad\/\" \/>\n<meta property=\"og:locale\" content=\"es_ES\" \/>\n<meta property=\"og:type\" content=\"article\" \/>\n<meta property=\"og:title\" content=\"Celebraci\u00f3n del D\u00eda de la Visibilidad Biol\u00f3gica: Romper estereotipos y abrazar la diversidad - Los Angeles LGBT Center\" \/>\n<meta property=\"og:description\" content=\"El D\u00eda de la Visibilidad Bi+ tiene una gran importancia en la comunidad bi y fuera de ella.\" \/>\n<meta property=\"og:url\" content=\"https:\/\/lalgbtcenter.org\/es\/vanguard\/celebracion-del-dia-de-la-visibilidad-biologica-romper-estereotipos-y-abrazar-la-diversidad\/\" \/>\n<meta property=\"og:site_name\" content=\"Los Angeles LGBT Center\" \/>\n<meta property=\"article:published_time\" content=\"2023-09-23T17:57:51+00:00\" \/>\n<meta property=\"article:modified_time\" content=\"2024-04-10T10:51:41+00:00\" \/>\n<meta property=\"og:image\" content=\"https:\/\/lalgbtcenter.org\/app\/uploads\/2023\/09\/bisexual-flag-AdobeStock_340764263-2000-c57ac164dc3647f3b3744bc66ce1fd56-1.jpeg\" \/>\n\t<meta property=\"og:image:width\" content=\"1500\" \/>\n\t<meta property=\"og:image:height\" content=\"1000\" \/>\n\t<meta property=\"og:image:type\" content=\"image\/jpeg\" \/>\n<meta name=\"author\" content=\"Kim Hoyos\" \/>\n<meta name=\"twitter:card\" content=\"summary_large_image\" \/>\n<meta name=\"twitter:label1\" content=\"Written by\" \/>\n\t<meta name=\"twitter:data1\" content=\"Kim Hoyos\" \/>\n\t<meta name=\"twitter:label2\" content=\"Est. reading time\" \/>\n\t<meta name=\"twitter:data2\" content=\"5 minutes\" \/>\n<script type=\"application\/ld+json\" class=\"yoast-schema-graph\">{\"@context\":\"https:\/\/schema.org\",\"@graph\":[{\"@type\":\"WebPage\",\"@id\":\"https:\/\/lalgbtcenter.org\/es\/vanguard\/celebracion-del-dia-de-la-visibilidad-biologica-romper-estereotipos-y-abrazar-la-diversidad\/\",\"url\":\"https:\/\/lalgbtcenter.org\/es\/vanguard\/celebracion-del-dia-de-la-visibilidad-biologica-romper-estereotipos-y-abrazar-la-diversidad\/\",\"name\":\"Celebraci\u00f3n del D\u00eda de la Visibilidad Biol\u00f3gica: Romper estereotipos y abrazar la diversidad - Los Angeles LGBT Center\",\"isPartOf\":{\"@id\":\"https:\/\/dev-lalgbtcenter.pantheonsite.io\/#website\"},\"datePublished\":\"2023-09-23T17:57:51+00:00\",\"dateModified\":\"2024-04-10T10:51:41+00:00\",\"author\":{\"@id\":\"https:\/\/dev-lalgbtcenter.pantheonsite.io\/#\/schema\/person\/e780e215e24d08a9e5579176dd2cf44f\"},\"description\":\"El D\u00eda de la Visibilidad Bi+ tiene una gran importancia en la comunidad bi y fuera de ella.\",\"inLanguage\":\"es-ES\",\"potentialAction\":[{\"@type\":\"ReadAction\",\"target\":[\"https:\/\/lalgbtcenter.org\/es\/vanguard\/celebracion-del-dia-de-la-visibilidad-biologica-romper-estereotipos-y-abrazar-la-diversidad\/\"]}]},{\"@type\":\"WebSite\",\"@id\":\"https:\/\/dev-lalgbtcenter.pantheonsite.io\/#website\",\"url\":\"https:\/\/dev-lalgbtcenter.pantheonsite.io\/\",\"name\":\"Los Angeles LGBT Center\",\"description\":\"\",\"potentialAction\":[{\"@type\":\"SearchAction\",\"target\":{\"@type\":\"EntryPoint\",\"urlTemplate\":\"https:\/\/dev-lalgbtcenter.pantheonsite.io\/?s={search_term_string}\"},\"query-input\":\"required name=search_term_string\"}],\"inLanguage\":\"es-ES\"},{\"@type\":\"Person\",\"@id\":\"https:\/\/dev-lalgbtcenter.pantheonsite.io\/#\/schema\/person\/e780e215e24d08a9e5579176dd2cf44f\",\"name\":\"Kim Hoyos\",\"image\":{\"@type\":\"ImageObject\",\"inLanguage\":\"es-ES\",\"@id\":\"https:\/\/dev-lalgbtcenter.pantheonsite.io\/#\/schema\/person\/image\/\",\"url\":\"https:\/\/secure.gravatar.com\/avatar\/95cac34b262578466c7fad91cc8427f2?s=96&d=mm&r=g\",\"contentUrl\":\"https:\/\/secure.gravatar.com\/avatar\/95cac34b262578466c7fad91cc8427f2?s=96&d=mm&r=g\",\"caption\":\"Kim Hoyos\"},\"url\":\"https:\/\/lalgbtcenter.org\/es\/vanguard\/author\/khoyos\/\"}]}<\/script>\n<!-- \/ Yoast SEO plugin. -->","yoast_head_json":{"title":"Celebraci\u00f3n del D\u00eda de la Visibilidad Biol\u00f3gica: Romper estereotipos y abrazar la diversidad - Los Angeles LGBT Center","description":"El D\u00eda de la Visibilidad Bi+ tiene una gran importancia en la comunidad bi y fuera de ella.","robots":{"index":"index","follow":"follow","max-snippet":"max-snippet:-1","max-image-preview":"max-image-preview:large","max-video-preview":"max-video-preview:-1"},"canonical":"https:\/\/lalgbtcenter.org\/es\/vanguard\/celebracion-del-dia-de-la-visibilidad-biologica-romper-estereotipos-y-abrazar-la-diversidad\/","og_locale":"es_ES","og_type":"article","og_title":"Celebraci\u00f3n del D\u00eda de la Visibilidad Biol\u00f3gica: Romper estereotipos y abrazar la diversidad - Los Angeles LGBT Center","og_description":"El D\u00eda de la Visibilidad Bi+ tiene una gran importancia en la comunidad bi y fuera de ella.","og_url":"https:\/\/lalgbtcenter.org\/es\/vanguard\/celebracion-del-dia-de-la-visibilidad-biologica-romper-estereotipos-y-abrazar-la-diversidad\/","og_site_name":"Los Angeles LGBT Center","article_published_time":"2023-09-23T17:57:51+00:00","article_modified_time":"2024-04-10T10:51:41+00:00","og_image":[{"width":1500,"height":1000,"url":"https:\/\/lalgbtcenter.org\/app\/uploads\/2023\/09\/bisexual-flag-AdobeStock_340764263-2000-c57ac164dc3647f3b3744bc66ce1fd56-1.jpeg","type":"image\/jpeg"}],"author":"Kim Hoyos","twitter_card":"summary_large_image","twitter_misc":{"Written by":"Kim Hoyos","Est. reading time":"5 minutes"},"schema":{"@context":"https:\/\/schema.org","@graph":[{"@type":"WebPage","@id":"https:\/\/lalgbtcenter.org\/es\/vanguard\/celebracion-del-dia-de-la-visibilidad-biologica-romper-estereotipos-y-abrazar-la-diversidad\/","url":"https:\/\/lalgbtcenter.org\/es\/vanguard\/celebracion-del-dia-de-la-visibilidad-biologica-romper-estereotipos-y-abrazar-la-diversidad\/","name":"Celebraci\u00f3n del D\u00eda de la Visibilidad Biol\u00f3gica: Romper estereotipos y abrazar la diversidad - Los Angeles LGBT Center","isPartOf":{"@id":"https:\/\/dev-lalgbtcenter.pantheonsite.io\/#website"},"datePublished":"2023-09-23T17:57:51+00:00","dateModified":"2024-04-10T10:51:41+00:00","author":{"@id":"https:\/\/dev-lalgbtcenter.pantheonsite.io\/#\/schema\/person\/e780e215e24d08a9e5579176dd2cf44f"},"description":"El D\u00eda de la Visibilidad Bi+ tiene una gran importancia en la comunidad bi y fuera de ella.","inLanguage":"es-ES","potentialAction":[{"@type":"ReadAction","target":["https:\/\/lalgbtcenter.org\/es\/vanguard\/celebracion-del-dia-de-la-visibilidad-biologica-romper-estereotipos-y-abrazar-la-diversidad\/"]}]},{"@type":"WebSite","@id":"https:\/\/dev-lalgbtcenter.pantheonsite.io\/#website","url":"https:\/\/dev-lalgbtcenter.pantheonsite.io\/","name":"Los Angeles LGBT Center","description":"","potentialAction":[{"@type":"SearchAction","target":{"@type":"EntryPoint","urlTemplate":"https:\/\/dev-lalgbtcenter.pantheonsite.io\/?s={search_term_string}"},"query-input":"required name=search_term_string"}],"inLanguage":"es-ES"},{"@type":"Person","@id":"https:\/\/dev-lalgbtcenter.pantheonsite.io\/#\/schema\/person\/e780e215e24d08a9e5579176dd2cf44f","name":"Kim Hoyos","image":{"@type":"ImageObject","inLanguage":"es-ES","@id":"https:\/\/dev-lalgbtcenter.pantheonsite.io\/#\/schema\/person\/image\/","url":"https:\/\/secure.gravatar.com\/avatar\/95cac34b262578466c7fad91cc8427f2?s=96&d=mm&r=g","contentUrl":"https:\/\/secure.gravatar.com\/avatar\/95cac34b262578466c7fad91cc8427f2?s=96&d=mm&r=g","caption":"Kim Hoyos"},"url":"https:\/\/lalgbtcenter.org\/es\/vanguard\/author\/khoyos\/"}]}},"_links":{"self":[{"href":"https:\/\/lalgbtcenter.org\/es\/wp-json\/wp\/v2\/posts\/22230"}],"collection":[{"href":"https:\/\/lalgbtcenter.org\/es\/wp-json\/wp\/v2\/posts"}],"about":[{"href":"https:\/\/lalgbtcenter.org\/es\/wp-json\/wp\/v2\/types\/post"}],"author":[{"embeddable":true,"href":"https:\/\/lalgbtcenter.org\/es\/wp-json\/wp\/v2\/users\/40"}],"replies":[{"embeddable":true,"href":"https:\/\/lalgbtcenter.org\/es\/wp-json\/wp\/v2\/comments?post=22230"}],"version-history":[{"count":1,"href":"https:\/\/lalgbtcenter.org\/es\/wp-json\/wp\/v2\/posts\/22230\/revisions"}],"predecessor-version":[{"id":22244,"href":"https:\/\/lalgbtcenter.org\/es\/wp-json\/wp\/v2\/posts\/22230\/revisions\/22244"}],"wp:featuredmedia":[{"embeddable":true,"href":"https:\/\/lalgbtcenter.org\/es\/wp-json\/wp\/v2\/media\/21809"}],"wp:attachment":[{"href":"https:\/\/lalgbtcenter.org\/es\/wp-json\/wp\/v2\/media?parent=22230"}],"wp:term":[{"taxonomy":"category","embeddable":true,"href":"https:\/\/lalgbtcenter.org\/es\/wp-json\/wp\/v2\/categories?post=22230"},{"taxonomy":"post_tag","embeddable":true,"href":"https:\/\/lalgbtcenter.org\/es\/wp-json\/wp\/v2\/tags?post=22230"}],"curies":[{"name":"wp","href":"https:\/\/api.w.org\/{rel}","templated":true}]}}