{"id":22225,"date":"2024-03-04T14:54:11","date_gmt":"2024-03-04T22:54:11","guid":{"rendered":"https:\/\/lalgbtcenter.org\/vanguard\/manifestacion-en-favor-de-los-estudiantes-lgbtq-el-5-de-marzo\/"},"modified":"2024-04-10T03:51:42","modified_gmt":"2024-04-10T10:51:42","slug":"manifestacion-en-favor-de-los-estudiantes-lgbtq-el-5-de-marzo","status":"publish","type":"post","link":"https:\/\/lalgbtcenter.org\/es\/vanguard\/manifestacion-en-favor-de-los-estudiantes-lgbtq-el-5-de-marzo\/","title":{"rendered":"Manifestaci\u00f3n en favor de los estudiantes LGBTQ+ el 5 de marzo"},"content":{"rendered":"\n<p>Estimada comunidad del Centro,<\/p>\n\n<p>Como seguramente sabr\u00e1, California votar\u00e1 en las primarias presidenciales del martes, que determinar\u00e1n qu\u00e9 candidatos se enfrentar\u00e1n en las elecciones generales de noviembre. Pero por muy importantes que sean esos votos, hoy me dirijo a ustedes para insistir en la importancia de su participaci\u00f3n en todas las contiendas electorales.<\/p>\n\n<p>El mes pasado, Nex Benedict (\u00e9l\/ellos), un joven trans de 16 a\u00f1os que cursaba estudios secundarios en Oklahoma, muri\u00f3 tras un altercado f\u00edsico con tres alumnos mayores en el ba\u00f1o de un colegio. Nex hab\u00eda sufrido acoso en la escuela debido a su identidad de g\u00e9nero, pero nunca lo denunci\u00f3 porque no cre\u00eda que la escuela fuera a tomar medidas para protegerlo. Tras la pelea, en lugar de prestar apoyo a la v\u00edctima y denunciar el incidente a la polic\u00eda, los responsables del colegio suspendieron a Nex durante dos semanas y lo enviaron a casa. Muri\u00f3 al d\u00eda siguiente.<\/p>\n\n<p>Los distritos escolares de Oklahoma, como los de muchos otros estados del pa\u00eds, se han convertido recientemente en campos de batalla de guerras culturales anti-LGBTQ+ organizadas por extremistas de extrema derecha. El superintendente de instrucci\u00f3n p\u00fablica del estado <a href=\"https:\/\/www.instagram.com\/p\/C3oCXWjvue8\/\">ha hecho un patr\u00f3n de usar su posici\u00f3n para instituir pol\u00edticas que ponen en peligro a los estudiantes trans y LGBTQ+<\/a> como Benedict. Ha prohibido los libros de texto que incluyen la historia de la comunidad LGBTQ+, ha obligado a los profesores a informar a los padres de los alumnos trans y no binarios y ha reforzado a los agitadores de derechas que atacan a los funcionarios escolares que apoyan y afirman la comunidad LGBTQ.<\/p>\n\n<p>Esta t\u00e1ctica de politizar las escuelas p\u00fablicas a expensas de la seguridad de los estudiantes LGBTQ+ es una de las armas que est\u00e1 utilizando la extrema derecha para infiltrarse en los distritos escolares de todo Estados Unidos, incluso<a href=\"https:\/\/lalgbtcenter.org\/es\/vanguard\/como-los-angeles-se-ha-convertido-en-el-nuevo-objetivo-de-la-guerra-contra-la-educacion-lgbtq\/\">aqu\u00ed mismo, en nuestro Estado Dorado.<\/a><\/p>\n\n<p>El martes, los residentes de Glendale (a menos de ocho millas de nuestro campus de Hollywood), emitir\u00e1n sus votos para cubrir dos puestos vacantes en el Consejo de Educaci\u00f3n del Distrito Escolar Unificado de Glendale. Esto es importante porque las responsabilidades fiduciarias de la Junta determinan el curr\u00edculo escolar y la seguridad de 40 campus del GUSD. Depende de nosotros demostrarles que el odio contra las personas LGBTQ+ no tiene cabida en nuestras escuelas.<\/p>\n\n<p>El Centro llamar\u00e1 a las puertas en Glendale en los d\u00edas que quedan hasta las elecciones para animar a los votantes a acudir a las urnas el 5 de marzo. Pride Hall, aqu\u00ed mismo en el Campus Anita May Rosenstein del Centro en Hollywood, es un lugar de votaci\u00f3n de 7AM-8PM. Pero tanto si elige <a href=\"https:\/\/locator.lavote.gov\/locations\/vc?culture=en\">votar en persona<\/a> como <a href=\"https:\/\/www.lavote.gov\/home\/voting-elections\/voting-options\/vote-by-mail\/how-to-vote-by-mail\">por correo<\/a>, aseg\u00farese de depositar sus papeletas antes de la fecha l\u00edmite del 5 de marzo para hacer o\u00edr su voz.<\/p>\n\n<p>S\u00e9 que cuando deposite mi voto, pensar\u00e9 en Nex y en todo lo que tuvo que afrontar por ser simplemente \u00e9l mismo en el colegio. Espero que se unan a m\u00ed para reafirmar nuestro compromiso con un futuro en el que todos los estudiantes, independientemente de su identidad, puedan recibir una educaci\u00f3n en paz y con orgullo.<\/p>\n\n<p>Puede inscribirse para participar en uno de nuestros actos de prospecci\u00f3n <a href=\"https:\/\/docs.google.com\/forms\/d\/e\/1FAIpQLSeV2LkkftTDGhxnkDv5l9GV8wuO1vSUI2g5KX1RSAXHwZa-CQ\/viewform\">aqu\u00ed<\/a>, e informarse sobre otras formas de participar <a href=\"https:\/\/lalgbtcenter.org\/programs\/policy-advocacy\/take-action\/\">aqu\u00ed<\/a>.<\/p>\n<div class=\"wp-block-image\">\n<figure class=\"alignright size-thumbnail\"><img loading=\"lazy\" decoding=\"async\" width=\"150\" height=\"150\" src=\"https:\/\/lalgbtcenter.org\/app\/uploads\/2023\/06\/LALGBT-Center-Joe-Hollendoner-150x150.jpg\" alt=\"Joe Hollendoner\" class=\"wp-image-13585\" srcset=\"https:\/\/lalgbtcenter.org\/app\/uploads\/2023\/06\/LALGBT-Center-Joe-Hollendoner-150x150.jpg 150w, https:\/\/lalgbtcenter.org\/app\/uploads\/2023\/06\/LALGBT-Center-Joe-Hollendoner-300x300.jpg 300w, https:\/\/lalgbtcenter.org\/app\/uploads\/2023\/06\/LALGBT-Center-Joe-Hollendoner-1x1.jpg 1w, https:\/\/lalgbtcenter.org\/app\/uploads\/2023\/06\/LALGBT-Center-Joe-Hollendoner.jpg 768w\" sizes=\"(max-width: 150px) 100vw, 150px\" \/><\/figure><\/div>\n<p>En solidaridad,<\/p>\n\n<p>Joe Hollendoner<br\/>Consejero Delegado<\/p>\n\n\n<section class=\"w-full my-48 md:my-64\">\n  \n<div class=\"relative\">\n  <h2 class=\"!pl-0 !heading-md mb-16 md:mb-24\">Seguir leyendo<\/h2>\n  <div class=\"grid grid-cols-1 md:grid-cols-2 gap-26 md:gap-32\">\n          \n<a href=\"https:\/\/lalgbtcenter.org\/es\/vanguard\/las-cuestiones-lgbtq-a-debate-este-ano\/\" class=\"!no-underline h-full\">\n  <div class=\"bg-white rounded-10 p-12 pb-10 md:pb-14 h-full transition-shadow hover:shadow-lightPurple\">\n          \n<picture  class=\"w-full aspect-video object-cover\">\n  <source media='(min-width: 834px)' srcset='https:\/\/lalgbtcenter.org\/app\/uploads\/2024\/02\/element5-digital-ls8Kc0P9hAA-unsplash-1024x684.jpg 1024w, https:\/\/lalgbtcenter.org\/app\/uploads\/2024\/02\/element5-digital-ls8Kc0P9hAA-unsplash-300x200.jpg 300w, https:\/\/lalgbtcenter.org\/app\/uploads\/2024\/02\/element5-digital-ls8Kc0P9hAA-unsplash-768x513.jpg 768w, https:\/\/lalgbtcenter.org\/app\/uploads\/2024\/02\/element5-digital-ls8Kc0P9hAA-unsplash-1536x1025.jpg 1536w, https:\/\/lalgbtcenter.org\/app\/uploads\/2024\/02\/element5-digital-ls8Kc0P9hAA-unsplash-2048x1367.jpg 2048w, https:\/\/lalgbtcenter.org\/app\/uploads\/2024\/02\/element5-digital-ls8Kc0P9hAA-unsplash-1x1.jpg 1w, https:\/\/lalgbtcenter.org\/app\/uploads\/2024\/02\/element5-digital-ls8Kc0P9hAA-unsplash-230x154.jpg 230w, https:\/\/lalgbtcenter.org\/app\/uploads\/2024\/02\/element5-digital-ls8Kc0P9hAA-unsplash-550x367.jpg 550w, https:\/\/lalgbtcenter.org\/app\/uploads\/2024\/02\/element5-digital-ls8Kc0P9hAA-unsplash-900x601.jpg 900w, https:\/\/lalgbtcenter.org\/app\/uploads\/2024\/02\/element5-digital-ls8Kc0P9hAA-unsplash-1130x754.jpg 1130w, https:\/\/lalgbtcenter.org\/app\/uploads\/2024\/02\/element5-digital-ls8Kc0P9hAA-unsplash-1280x854.jpg 1280w, https:\/\/lalgbtcenter.org\/app\/uploads\/2024\/02\/element5-digital-ls8Kc0P9hAA-unsplash-1460x975.jpg 1460w' sizes='40vw'>\n  <source media='(max-width: 834px)' srcset='https:\/\/lalgbtcenter.org\/app\/uploads\/2024\/02\/element5-digital-ls8Kc0P9hAA-unsplash-1024x684.jpg 1024w, https:\/\/lalgbtcenter.org\/app\/uploads\/2024\/02\/element5-digital-ls8Kc0P9hAA-unsplash-300x200.jpg 300w, https:\/\/lalgbtcenter.org\/app\/uploads\/2024\/02\/element5-digital-ls8Kc0P9hAA-unsplash-768x513.jpg 768w, https:\/\/lalgbtcenter.org\/app\/uploads\/2024\/02\/element5-digital-ls8Kc0P9hAA-unsplash-1536x1025.jpg 1536w, https:\/\/lalgbtcenter.org\/app\/uploads\/2024\/02\/element5-digital-ls8Kc0P9hAA-unsplash-2048x1367.jpg 2048w, https:\/\/lalgbtcenter.org\/app\/uploads\/2024\/02\/element5-digital-ls8Kc0P9hAA-unsplash-1x1.jpg 1w, https:\/\/lalgbtcenter.org\/app\/uploads\/2024\/02\/element5-digital-ls8Kc0P9hAA-unsplash-230x154.jpg 230w, https:\/\/lalgbtcenter.org\/app\/uploads\/2024\/02\/element5-digital-ls8Kc0P9hAA-unsplash-550x367.jpg 550w, https:\/\/lalgbtcenter.org\/app\/uploads\/2024\/02\/element5-digital-ls8Kc0P9hAA-unsplash-900x601.jpg 900w, https:\/\/lalgbtcenter.org\/app\/uploads\/2024\/02\/element5-digital-ls8Kc0P9hAA-unsplash-1130x754.jpg 1130w, https:\/\/lalgbtcenter.org\/app\/uploads\/2024\/02\/element5-digital-ls8Kc0P9hAA-unsplash-1280x854.jpg 1280w, https:\/\/lalgbtcenter.org\/app\/uploads\/2024\/02\/element5-digital-ls8Kc0P9hAA-unsplash-1460x975.jpg 1460w' sizes='83vw'>\n  <img class=\"w-full h-full object-cover w-full !h-auto aspect-video rounded-10\" src='https:\/\/lalgbtcenter.org\/app\/uploads\/2024\/02\/element5-digital-ls8Kc0P9hAA-unsplash-1024x684.jpg' alt='' loading='lazy' \/>\n<\/picture>        <div class=\"w-full gap-4 pt-16\">\n      <p class=\"pl-16 body-legal inline-block text-black\/60\"><\/p>\n      <h3 class=\"!pl-16 !mt-0 !heading-xs\">Las cuestiones LGBTQ+, a debate este a\u00f1o<\/h3>\n    <\/div>\n  <\/div>\n<\/a>          \n<a href=\"https:\/\/lalgbtcenter.org\/es\/vanguard\/giovanna-fischer-directora-general-de-equidad-habla-de-crear-el-cambio-a-traves-de-la-imaginacion\/\" class=\"!no-underline h-full\">\n  <div class=\"bg-white rounded-10 p-12 pb-10 md:pb-14 h-full transition-shadow hover:shadow-lightPurple\">\n          \n<picture  class=\"w-full aspect-video object-cover\">\n  <source media='(min-width: 834px)' srcset='https:\/\/lalgbtcenter.org\/app\/uploads\/2024\/02\/021524_Giovanna_19_RT-copy-1024x683.jpg 1024w, https:\/\/lalgbtcenter.org\/app\/uploads\/2024\/02\/021524_Giovanna_19_RT-copy-300x200.jpg 300w, https:\/\/lalgbtcenter.org\/app\/uploads\/2024\/02\/021524_Giovanna_19_RT-copy-768x512.jpg 768w, https:\/\/lalgbtcenter.org\/app\/uploads\/2024\/02\/021524_Giovanna_19_RT-copy-1536x1024.jpg 1536w, https:\/\/lalgbtcenter.org\/app\/uploads\/2024\/02\/021524_Giovanna_19_RT-copy-2048x1365.jpg 2048w, https:\/\/lalgbtcenter.org\/app\/uploads\/2024\/02\/021524_Giovanna_19_RT-copy-1x1.jpg 1w, https:\/\/lalgbtcenter.org\/app\/uploads\/2024\/02\/021524_Giovanna_19_RT-copy-230x153.jpg 230w, https:\/\/lalgbtcenter.org\/app\/uploads\/2024\/02\/021524_Giovanna_19_RT-copy-550x367.jpg 550w, https:\/\/lalgbtcenter.org\/app\/uploads\/2024\/02\/021524_Giovanna_19_RT-copy-900x600.jpg 900w, https:\/\/lalgbtcenter.org\/app\/uploads\/2024\/02\/021524_Giovanna_19_RT-copy-1130x753.jpg 1130w, https:\/\/lalgbtcenter.org\/app\/uploads\/2024\/02\/021524_Giovanna_19_RT-copy-1280x853.jpg 1280w, https:\/\/lalgbtcenter.org\/app\/uploads\/2024\/02\/021524_Giovanna_19_RT-copy-1460x973.jpg 1460w' sizes='40vw'>\n  <source media='(max-width: 834px)' srcset='https:\/\/lalgbtcenter.org\/app\/uploads\/2024\/02\/021524_Giovanna_19_RT-copy-1024x683.jpg 1024w, https:\/\/lalgbtcenter.org\/app\/uploads\/2024\/02\/021524_Giovanna_19_RT-copy-300x200.jpg 300w, https:\/\/lalgbtcenter.org\/app\/uploads\/2024\/02\/021524_Giovanna_19_RT-copy-768x512.jpg 768w, https:\/\/lalgbtcenter.org\/app\/uploads\/2024\/02\/021524_Giovanna_19_RT-copy-1536x1024.jpg 1536w, https:\/\/lalgbtcenter.org\/app\/uploads\/2024\/02\/021524_Giovanna_19_RT-copy-2048x1365.jpg 2048w, https:\/\/lalgbtcenter.org\/app\/uploads\/2024\/02\/021524_Giovanna_19_RT-copy-1x1.jpg 1w, https:\/\/lalgbtcenter.org\/app\/uploads\/2024\/02\/021524_Giovanna_19_RT-copy-230x153.jpg 230w, https:\/\/lalgbtcenter.org\/app\/uploads\/2024\/02\/021524_Giovanna_19_RT-copy-550x367.jpg 550w, https:\/\/lalgbtcenter.org\/app\/uploads\/2024\/02\/021524_Giovanna_19_RT-copy-900x600.jpg 900w, https:\/\/lalgbtcenter.org\/app\/uploads\/2024\/02\/021524_Giovanna_19_RT-copy-1130x753.jpg 1130w, https:\/\/lalgbtcenter.org\/app\/uploads\/2024\/02\/021524_Giovanna_19_RT-copy-1280x853.jpg 1280w, https:\/\/lalgbtcenter.org\/app\/uploads\/2024\/02\/021524_Giovanna_19_RT-copy-1460x973.jpg 1460w' sizes='83vw'>\n  <img class=\"w-full h-full object-cover w-full !h-auto aspect-video rounded-10\" src='https:\/\/lalgbtcenter.org\/app\/uploads\/2024\/02\/021524_Giovanna_19_RT-copy-1024x683.jpg' alt='' loading='lazy' \/>\n<\/picture>        <div class=\"w-full gap-4 pt-16\">\n      <p class=\"pl-16 body-legal inline-block text-black\/60\"><\/p>\n      <h3 class=\"!pl-16 !mt-0 !heading-xs\">Giovanna Fischer, Directora General de Equidad, habla de crear el cambio a trav\u00e9s de la imaginaci\u00f3n<\/h3>\n    <\/div>\n  <\/div>\n<\/a>          \n<a href=\"https:\/\/lalgbtcenter.org\/es\/vanguard\/el-centro-lgbt-de-los-angeles-organiza-un-foro-sobre-cuestiones-lgbtq-para-los-candidatos-al-senado-de-ee-uu\/\" class=\"!no-underline h-full\">\n  <div class=\"bg-white rounded-10 p-12 pb-10 md:pb-14 h-full transition-shadow hover:shadow-lightPurple\">\n          \n<picture  class=\"w-full aspect-video object-cover\">\n  <source media='(min-width: 834px)' srcset='https:\/\/lalgbtcenter.org\/app\/uploads\/2024\/02\/020324_Senate_21-1024x683.jpg 1024w, https:\/\/lalgbtcenter.org\/app\/uploads\/2024\/02\/020324_Senate_21-300x200.jpg 300w, https:\/\/lalgbtcenter.org\/app\/uploads\/2024\/02\/020324_Senate_21-768x512.jpg 768w, https:\/\/lalgbtcenter.org\/app\/uploads\/2024\/02\/020324_Senate_21-1536x1024.jpg 1536w, https:\/\/lalgbtcenter.org\/app\/uploads\/2024\/02\/020324_Senate_21-2048x1365.jpg 2048w, https:\/\/lalgbtcenter.org\/app\/uploads\/2024\/02\/020324_Senate_21-1x1.jpg 1w, https:\/\/lalgbtcenter.org\/app\/uploads\/2024\/02\/020324_Senate_21-230x153.jpg 230w, https:\/\/lalgbtcenter.org\/app\/uploads\/2024\/02\/020324_Senate_21-550x367.jpg 550w, https:\/\/lalgbtcenter.org\/app\/uploads\/2024\/02\/020324_Senate_21-900x600.jpg 900w, https:\/\/lalgbtcenter.org\/app\/uploads\/2024\/02\/020324_Senate_21-1130x753.jpg 1130w, https:\/\/lalgbtcenter.org\/app\/uploads\/2024\/02\/020324_Senate_21-1280x853.jpg 1280w, https:\/\/lalgbtcenter.org\/app\/uploads\/2024\/02\/020324_Senate_21-1460x973.jpg 1460w' sizes='40vw'>\n  <source media='(max-width: 834px)' srcset='https:\/\/lalgbtcenter.org\/app\/uploads\/2024\/02\/020324_Senate_21-1024x683.jpg 1024w, https:\/\/lalgbtcenter.org\/app\/uploads\/2024\/02\/020324_Senate_21-300x200.jpg 300w, https:\/\/lalgbtcenter.org\/app\/uploads\/2024\/02\/020324_Senate_21-768x512.jpg 768w, https:\/\/lalgbtcenter.org\/app\/uploads\/2024\/02\/020324_Senate_21-1536x1024.jpg 1536w, https:\/\/lalgbtcenter.org\/app\/uploads\/2024\/02\/020324_Senate_21-2048x1365.jpg 2048w, https:\/\/lalgbtcenter.org\/app\/uploads\/2024\/02\/020324_Senate_21-1x1.jpg 1w, https:\/\/lalgbtcenter.org\/app\/uploads\/2024\/02\/020324_Senate_21-230x153.jpg 230w, https:\/\/lalgbtcenter.org\/app\/uploads\/2024\/02\/020324_Senate_21-550x367.jpg 550w, https:\/\/lalgbtcenter.org\/app\/uploads\/2024\/02\/020324_Senate_21-900x600.jpg 900w, https:\/\/lalgbtcenter.org\/app\/uploads\/2024\/02\/020324_Senate_21-1130x753.jpg 1130w, https:\/\/lalgbtcenter.org\/app\/uploads\/2024\/02\/020324_Senate_21-1280x853.jpg 1280w, https:\/\/lalgbtcenter.org\/app\/uploads\/2024\/02\/020324_Senate_21-1460x973.jpg 1460w' sizes='83vw'>\n  <img class=\"w-full h-full object-cover w-full !h-auto aspect-video rounded-10\" src='https:\/\/lalgbtcenter.org\/app\/uploads\/2024\/02\/020324_Senate_21-1024x683.jpg' alt='' loading='lazy' \/>\n<\/picture>        <div class=\"w-full gap-4 pt-16\">\n      <p class=\"pl-16 body-legal inline-block text-black\/60\"><\/p>\n      <h3 class=\"!pl-16 !mt-0 !heading-xs\">El Centro LGBT de Los \u00c1ngeles organiza un foro sobre cuestiones LGBTQ+ para los candidatos al Senado de EE.UU.<\/h3>\n    <\/div>\n  <\/div>\n<\/a>          \n<a href=\"https:\/\/lalgbtcenter.org\/es\/vanguard\/el-centro-se-une-a-los-profesores-de-glendale-para-detener-el-extremismo-anti-lgbtq\/\" class=\"!no-underline h-full\">\n  <div class=\"bg-white rounded-10 p-12 pb-10 md:pb-14 h-full transition-shadow hover:shadow-lightPurple\">\n          \n<picture  class=\"w-full aspect-video object-cover\">\n  <source media='(min-width: 834px)' srcset='https:\/\/lalgbtcenter.org\/app\/uploads\/2024\/01\/Glendale-Teachers-Association-press-conference-1024x1024.jpeg 1024w, https:\/\/lalgbtcenter.org\/app\/uploads\/2024\/01\/Glendale-Teachers-Association-press-conference-300x300.jpeg 300w, https:\/\/lalgbtcenter.org\/app\/uploads\/2024\/01\/Glendale-Teachers-Association-press-conference-150x150.jpeg 150w, https:\/\/lalgbtcenter.org\/app\/uploads\/2024\/01\/Glendale-Teachers-Association-press-conference-768x768.jpeg 768w, https:\/\/lalgbtcenter.org\/app\/uploads\/2024\/01\/Glendale-Teachers-Association-press-conference-1x1.jpeg 1w, https:\/\/lalgbtcenter.org\/app\/uploads\/2024\/01\/Glendale-Teachers-Association-press-conference-230x230.jpeg 230w, https:\/\/lalgbtcenter.org\/app\/uploads\/2024\/01\/Glendale-Teachers-Association-press-conference-550x550.jpeg 550w, https:\/\/lalgbtcenter.org\/app\/uploads\/2024\/01\/Glendale-Teachers-Association-press-conference-900x900.jpeg 900w, https:\/\/lalgbtcenter.org\/app\/uploads\/2024\/01\/Glendale-Teachers-Association-press-conference.jpeg 1080w' sizes='40vw'>\n  <source media='(max-width: 834px)' srcset='https:\/\/lalgbtcenter.org\/app\/uploads\/2024\/01\/Glendale-Teachers-Association-press-conference-1024x1024.jpeg 1024w, https:\/\/lalgbtcenter.org\/app\/uploads\/2024\/01\/Glendale-Teachers-Association-press-conference-300x300.jpeg 300w, https:\/\/lalgbtcenter.org\/app\/uploads\/2024\/01\/Glendale-Teachers-Association-press-conference-150x150.jpeg 150w, https:\/\/lalgbtcenter.org\/app\/uploads\/2024\/01\/Glendale-Teachers-Association-press-conference-768x768.jpeg 768w, https:\/\/lalgbtcenter.org\/app\/uploads\/2024\/01\/Glendale-Teachers-Association-press-conference-1x1.jpeg 1w, https:\/\/lalgbtcenter.org\/app\/uploads\/2024\/01\/Glendale-Teachers-Association-press-conference-230x230.jpeg 230w, https:\/\/lalgbtcenter.org\/app\/uploads\/2024\/01\/Glendale-Teachers-Association-press-conference-550x550.jpeg 550w, https:\/\/lalgbtcenter.org\/app\/uploads\/2024\/01\/Glendale-Teachers-Association-press-conference-900x900.jpeg 900w, https:\/\/lalgbtcenter.org\/app\/uploads\/2024\/01\/Glendale-Teachers-Association-press-conference.jpeg 1080w' sizes='83vw'>\n  <img class=\"w-full h-full object-cover w-full !h-auto aspect-video rounded-10\" src='https:\/\/lalgbtcenter.org\/app\/uploads\/2024\/01\/Glendale-Teachers-Association-press-conference-1024x1024.jpeg' alt='' loading='lazy' \/>\n<\/picture>        <div class=\"w-full gap-4 pt-16\">\n      <p class=\"pl-16 body-legal inline-block text-black\/60\"><\/p>\n      <h3 class=\"!pl-16 !mt-0 !heading-xs\">El Centro se une a los profesores de Glendale para detener el extremismo anti-LGBTQ<\/h3>\n    <\/div>\n  <\/div>\n<\/a>      <\/div>\n<\/div><\/section>","protected":false},"excerpt":{"rendered":"<p>Los californianos tendr\u00e1n la oportunidad de hacer o\u00edr su voz en apoyo de los estudiantes LGBTQ+ en las elecciones del 5 de marzo.<\/p>\n","protected":false},"author":23,"featured_media":21732,"comment_status":"closed","ping_status":"closed","sticky":false,"template":"","format":"standard","meta":{"footnotes":""},"categories":[133],"tags":[],"class_list":["post-22225","post","type-post","status-publish","format-standard","has-post-thumbnail","hentry","category-politica-y-defensa"],"metadata":{"_encloseme":["1"],"_sbi_oembed_done_checking":["1"],"_yoast_wpseo_primary_category":["68"],"_top_nav_excluded":[""],"_cms_nav_minihome":[""],"_yoast_wpseo_metadesc":["Los californianos tendr\u00e1n la oportunidad de hacer o\u00edr su voz en apoyo de los estudiantes LGBTQ+ en las elecciones del 5 de marzo."],"_thumbnail_id":["21732"],"_last_translation_edit_mode":["translation-editor"],"_wpml_word_count":["{\"total\":615,\"to_translate\":{\"en\":615}}"]},"acf":[],"yoast_head":"<!-- This site is optimized with the Yoast SEO plugin v20.13 - https:\/\/yoast.com\/wordpress\/plugins\/seo\/ -->\n<title>Manifestaci\u00f3n en favor de los estudiantes LGBTQ+ el 5 de marzo - Los Angeles LGBT Center<\/title>\n<meta name=\"description\" content=\"Los californianos tendr\u00e1n la oportunidad de hacer o\u00edr su voz en apoyo de los estudiantes LGBTQ+ en las elecciones del 5 de marzo.\" \/>\n<meta name=\"robots\" content=\"index, follow, max-snippet:-1, max-image-preview:large, max-video-preview:-1\" \/>\n<link rel=\"canonical\" href=\"https:\/\/lalgbtcenter.org\/es\/vanguard\/manifestacion-en-favor-de-los-estudiantes-lgbtq-el-5-de-marzo\/\" \/>\n<meta property=\"og:locale\" content=\"es_ES\" \/>\n<meta property=\"og:type\" content=\"article\" \/>\n<meta property=\"og:title\" content=\"Manifestaci\u00f3n en favor de los estudiantes LGBTQ+ el 5 de marzo - Los Angeles LGBT Center\" \/>\n<meta property=\"og:description\" content=\"Los californianos tendr\u00e1n la oportunidad de hacer o\u00edr su voz en apoyo de los estudiantes LGBTQ+ en las elecciones del 5 de marzo.\" \/>\n<meta property=\"og:url\" content=\"https:\/\/lalgbtcenter.org\/es\/vanguard\/manifestacion-en-favor-de-los-estudiantes-lgbtq-el-5-de-marzo\/\" \/>\n<meta property=\"og:site_name\" content=\"Los Angeles LGBT Center\" \/>\n<meta property=\"article:published_time\" content=\"2024-03-04T22:54:11+00:00\" \/>\n<meta property=\"article:modified_time\" content=\"2024-04-10T10:51:42+00:00\" \/>\n<meta property=\"og:image\" content=\"https:\/\/lalgbtcenter.org\/app\/uploads\/2023\/09\/060423_WeHoPride_036-scaled.jpg\" \/>\n\t<meta property=\"og:image:width\" content=\"2560\" \/>\n\t<meta property=\"og:image:height\" content=\"1707\" \/>\n\t<meta property=\"og:image:type\" content=\"image\/jpeg\" \/>\n<meta name=\"author\" content=\"Reid Nakamura\" \/>\n<meta name=\"twitter:card\" content=\"summary_large_image\" \/>\n<meta name=\"twitter:label1\" content=\"Written by\" \/>\n\t<meta name=\"twitter:data1\" content=\"Reid Nakamura\" \/>\n\t<meta name=\"twitter:label2\" content=\"Est. reading time\" \/>\n\t<meta name=\"twitter:data2\" content=\"3 minutes\" \/>\n<script type=\"application\/ld+json\" class=\"yoast-schema-graph\">{\"@context\":\"https:\/\/schema.org\",\"@graph\":[{\"@type\":\"WebPage\",\"@id\":\"https:\/\/lalgbtcenter.org\/es\/vanguard\/manifestacion-en-favor-de-los-estudiantes-lgbtq-el-5-de-marzo\/\",\"url\":\"https:\/\/lalgbtcenter.org\/es\/vanguard\/manifestacion-en-favor-de-los-estudiantes-lgbtq-el-5-de-marzo\/\",\"name\":\"Manifestaci\u00f3n en favor de los estudiantes LGBTQ+ el 5 de marzo - Los Angeles LGBT Center\",\"isPartOf\":{\"@id\":\"https:\/\/dev-lalgbtcenter.pantheonsite.io\/#website\"},\"datePublished\":\"2024-03-04T22:54:11+00:00\",\"dateModified\":\"2024-04-10T10:51:42+00:00\",\"author\":{\"@id\":\"https:\/\/dev-lalgbtcenter.pantheonsite.io\/#\/schema\/person\/cc5d461e9e6226c4ef2fb8d5531a8a8c\"},\"description\":\"Los californianos tendr\u00e1n la oportunidad de hacer o\u00edr su voz en apoyo de los estudiantes LGBTQ+ en las elecciones del 5 de marzo.\",\"inLanguage\":\"es-ES\",\"potentialAction\":[{\"@type\":\"ReadAction\",\"target\":[\"https:\/\/lalgbtcenter.org\/es\/vanguard\/manifestacion-en-favor-de-los-estudiantes-lgbtq-el-5-de-marzo\/\"]}]},{\"@type\":\"WebSite\",\"@id\":\"https:\/\/dev-lalgbtcenter.pantheonsite.io\/#website\",\"url\":\"https:\/\/dev-lalgbtcenter.pantheonsite.io\/\",\"name\":\"Los Angeles LGBT Center\",\"description\":\"\",\"potentialAction\":[{\"@type\":\"SearchAction\",\"target\":{\"@type\":\"EntryPoint\",\"urlTemplate\":\"https:\/\/dev-lalgbtcenter.pantheonsite.io\/?s={search_term_string}\"},\"query-input\":\"required name=search_term_string\"}],\"inLanguage\":\"es-ES\"},{\"@type\":\"Person\",\"@id\":\"https:\/\/dev-lalgbtcenter.pantheonsite.io\/#\/schema\/person\/cc5d461e9e6226c4ef2fb8d5531a8a8c\",\"name\":\"Reid Nakamura\",\"image\":{\"@type\":\"ImageObject\",\"inLanguage\":\"es-ES\",\"@id\":\"https:\/\/dev-lalgbtcenter.pantheonsite.io\/#\/schema\/person\/image\/\",\"url\":\"https:\/\/secure.gravatar.com\/avatar\/c7d3b2791aad4bee3aa85fdd1177d44c?s=96&d=mm&r=g\",\"contentUrl\":\"https:\/\/secure.gravatar.com\/avatar\/c7d3b2791aad4bee3aa85fdd1177d44c?s=96&d=mm&r=g\",\"caption\":\"Reid Nakamura\"},\"url\":\"https:\/\/lalgbtcenter.org\/es\/vanguard\/author\/rnakamura\/\"}]}<\/script>\n<!-- \/ Yoast SEO plugin. -->","yoast_head_json":{"title":"Manifestaci\u00f3n en favor de los estudiantes LGBTQ+ el 5 de marzo - Los Angeles LGBT Center","description":"Los californianos tendr\u00e1n la oportunidad de hacer o\u00edr su voz en apoyo de los estudiantes LGBTQ+ en las elecciones del 5 de marzo.","robots":{"index":"index","follow":"follow","max-snippet":"max-snippet:-1","max-image-preview":"max-image-preview:large","max-video-preview":"max-video-preview:-1"},"canonical":"https:\/\/lalgbtcenter.org\/es\/vanguard\/manifestacion-en-favor-de-los-estudiantes-lgbtq-el-5-de-marzo\/","og_locale":"es_ES","og_type":"article","og_title":"Manifestaci\u00f3n en favor de los estudiantes LGBTQ+ el 5 de marzo - Los Angeles LGBT Center","og_description":"Los californianos tendr\u00e1n la oportunidad de hacer o\u00edr su voz en apoyo de los estudiantes LGBTQ+ en las elecciones del 5 de marzo.","og_url":"https:\/\/lalgbtcenter.org\/es\/vanguard\/manifestacion-en-favor-de-los-estudiantes-lgbtq-el-5-de-marzo\/","og_site_name":"Los Angeles LGBT Center","article_published_time":"2024-03-04T22:54:11+00:00","article_modified_time":"2024-04-10T10:51:42+00:00","og_image":[{"width":2560,"height":1707,"url":"https:\/\/lalgbtcenter.org\/app\/uploads\/2023\/09\/060423_WeHoPride_036-scaled.jpg","type":"image\/jpeg"}],"author":"Reid Nakamura","twitter_card":"summary_large_image","twitter_misc":{"Written by":"Reid Nakamura","Est. reading time":"3 minutes"},"schema":{"@context":"https:\/\/schema.org","@graph":[{"@type":"WebPage","@id":"https:\/\/lalgbtcenter.org\/es\/vanguard\/manifestacion-en-favor-de-los-estudiantes-lgbtq-el-5-de-marzo\/","url":"https:\/\/lalgbtcenter.org\/es\/vanguard\/manifestacion-en-favor-de-los-estudiantes-lgbtq-el-5-de-marzo\/","name":"Manifestaci\u00f3n en favor de los estudiantes LGBTQ+ el 5 de marzo - Los Angeles LGBT Center","isPartOf":{"@id":"https:\/\/dev-lalgbtcenter.pantheonsite.io\/#website"},"datePublished":"2024-03-04T22:54:11+00:00","dateModified":"2024-04-10T10:51:42+00:00","author":{"@id":"https:\/\/dev-lalgbtcenter.pantheonsite.io\/#\/schema\/person\/cc5d461e9e6226c4ef2fb8d5531a8a8c"},"description":"Los californianos tendr\u00e1n la oportunidad de hacer o\u00edr su voz en apoyo de los estudiantes LGBTQ+ en las elecciones del 5 de marzo.","inLanguage":"es-ES","potentialAction":[{"@type":"ReadAction","target":["https:\/\/lalgbtcenter.org\/es\/vanguard\/manifestacion-en-favor-de-los-estudiantes-lgbtq-el-5-de-marzo\/"]}]},{"@type":"WebSite","@id":"https:\/\/dev-lalgbtcenter.pantheonsite.io\/#website","url":"https:\/\/dev-lalgbtcenter.pantheonsite.io\/","name":"Los Angeles LGBT Center","description":"","potentialAction":[{"@type":"SearchAction","target":{"@type":"EntryPoint","urlTemplate":"https:\/\/dev-lalgbtcenter.pantheonsite.io\/?s={search_term_string}"},"query-input":"required name=search_term_string"}],"inLanguage":"es-ES"},{"@type":"Person","@id":"https:\/\/dev-lalgbtcenter.pantheonsite.io\/#\/schema\/person\/cc5d461e9e6226c4ef2fb8d5531a8a8c","name":"Reid Nakamura","image":{"@type":"ImageObject","inLanguage":"es-ES","@id":"https:\/\/dev-lalgbtcenter.pantheonsite.io\/#\/schema\/person\/image\/","url":"https:\/\/secure.gravatar.com\/avatar\/c7d3b2791aad4bee3aa85fdd1177d44c?s=96&d=mm&r=g","contentUrl":"https:\/\/secure.gravatar.com\/avatar\/c7d3b2791aad4bee3aa85fdd1177d44c?s=96&d=mm&r=g","caption":"Reid Nakamura"},"url":"https:\/\/lalgbtcenter.org\/es\/vanguard\/author\/rnakamura\/"}]}},"_links":{"self":[{"href":"https:\/\/lalgbtcenter.org\/es\/wp-json\/wp\/v2\/posts\/22225"}],"collection":[{"href":"https:\/\/lalgbtcenter.org\/es\/wp-json\/wp\/v2\/posts"}],"about":[{"href":"https:\/\/lalgbtcenter.org\/es\/wp-json\/wp\/v2\/types\/post"}],"author":[{"embeddable":true,"href":"https:\/\/lalgbtcenter.org\/es\/wp-json\/wp\/v2\/users\/23"}],"replies":[{"embeddable":true,"href":"https:\/\/lalgbtcenter.org\/es\/wp-json\/wp\/v2\/comments?post=22225"}],"version-history":[{"count":1,"href":"https:\/\/lalgbtcenter.org\/es\/wp-json\/wp\/v2\/posts\/22225\/revisions"}],"predecessor-version":[{"id":22238,"href":"https:\/\/lalgbtcenter.org\/es\/wp-json\/wp\/v2\/posts\/22225\/revisions\/22238"}],"wp:featuredmedia":[{"embeddable":true,"href":"https:\/\/lalgbtcenter.org\/es\/wp-json\/wp\/v2\/media\/21732"}],"wp:attachment":[{"href":"https:\/\/lalgbtcenter.org\/es\/wp-json\/wp\/v2\/media?parent=22225"}],"wp:term":[{"taxonomy":"category","embeddable":true,"href":"https:\/\/lalgbtcenter.org\/es\/wp-json\/wp\/v2\/categories?post=22225"},{"taxonomy":"post_tag","embeddable":true,"href":"https:\/\/lalgbtcenter.org\/es\/wp-json\/wp\/v2\/tags?post=22225"}],"curies":[{"name":"wp","href":"https:\/\/api.w.org\/{rel}","templated":true}]}}