{"id":22183,"date":"2023-08-24T18:25:09","date_gmt":"2023-08-25T01:25:09","guid":{"rendered":"https:\/\/lalgbtcenter.org\/vanguard\/el-centro-lgbt-de-los-angeles-y-flags-for-good-presentan-la-bandera-del-orgullo-de-las-urracas-en-honor-de-la-difunta-lauri-carleton\/"},"modified":"2024-04-10T03:51:42","modified_gmt":"2024-04-10T10:51:42","slug":"el-centro-lgbt-de-los-angeles-y-flags-for-good-presentan-la-bandera-del-orgullo-de-las-urracas-en-honor-de-la-difunta-lauri-carleton","status":"publish","type":"post","link":"https:\/\/lalgbtcenter.org\/es\/vanguard\/el-centro-lgbt-de-los-angeles-y-flags-for-good-presentan-la-bandera-del-orgullo-de-las-urracas-en-honor-de-la-difunta-lauri-carleton\/","title":{"rendered":"El Centro LGBT de Los \u00c1ngeles y Flags for Good presentan la Bandera del Orgullo de las Urracas en honor de la difunta Lauri Carleton"},"content":{"rendered":"\n<p>El Centro LGBT de Los \u00c1ngeles y Banderas del Bien desplegadas  <a href=\"https:\/\/flagsforgood.com\/products\/magpie-pride-flag\" target=\"_blank\" rel=\"noreferrer noopener\">una nueva pancarta conmemorativa<\/a>  en honor a Lauri Carleton, propietaria de la tienda y miembro de la comunidad de Lake Arrowhead que fue  <a href=\"https:\/\/lalgbtcenter.org\/vanguard\/beloved-business-owner-shot-and-killed-for-displaying-a-rainbow-flag\/\" target=\"_blank\" rel=\"noreferrer noopener\">tr\u00e1gicamente tiroteada y asesinada por exhibir una bandera del Orgullo frente a su tienda.<\/a>  Para honrar su memoria y animar a los aliados a participar activamente en la creaci\u00f3n de espacios seguros, el Centro colabor\u00f3 con Flags for Good en la confecci\u00f3n de una pancarta arco iris con el s\u00edmbolo de la urraca -seg\u00fan el nombre de su tienda- como dedicatoria a la vida y el legado de Carleton.<\/p>\n\n<p>La recaudaci\u00f3n de la Bandera del Orgullo de Urraca se destinar\u00e1 al <a href=\"https:\/\/lakearrowheadlgbtq.org\/\" target=\"_blank\" rel=\"noreferrer noopener\">Fondo LGBTQ+ de Lake Arrowhead<\/a>, una organizaci\u00f3n local que ayuda a prosperar a la comunidad local.<\/p>\n\n<p>&#8220;Les aseguro que el Centro no se detendr\u00e1 aqu\u00ed. Los extremistas de derecha han tra\u00eddo esta lucha a nuestra puerta, y perm\u00edtanme prometerles esto: estamos respondiendo a su llamada a nuestra puerta, y vamos a recibirlos con la fuerza por la que nuestra comunidad es conocida&#8221;, dijo Joe Hollendoner, director general del Centro LGBT de Los \u00c1ngeles. &#8220;Espero que podamos contar contigo para que te unas a nosotros en la lucha&#8221;.<\/p>\n\n\n<section class=\"w-full\">\n  \n<div class=\"flex my-40 lg:my-80 \">\n    \n  <a   href=\"https:\/\/flagsforgood.com\/products\/magpie-pride-flag\" class=\"button inline-flex items-center justify-center bg-black hover:bg-black-80 active:bg-black active:outline-none disabled:bg-black-60 text-white body-link-sm-bold py-[16px] px-[4px] sm:px-[24px] rounded-[4px] focus:outline focus:outline-offset-4 focus:outline-black text-center min-w-0 !px-24 w-full\" target=\"_blank\">\n    Pedido anticipado en Flags for Good          <\/a>\n  <\/div><\/section>\n\n<section class=\"w-full my-48 md:my-64\">\n  \n<div class=\"relative\">\n  <h2 class=\"!pl-0 !heading-md mb-16 md:mb-24\">Seguir leyendo<\/h2>\n  <div class=\"grid grid-cols-1 md:grid-cols-2 gap-26 md:gap-32\">\n          \n<a href=\"https:\/\/lalgbtcenter.org\/es\/vanguard\/asesinan-a-tiros-a-un-querido-comerciante-por-exhibir-una-bandera-arco-iris\/\" class=\"!no-underline h-full\">\n  <div class=\"bg-white rounded-10 p-12 pb-10 md:pb-14 h-full transition-shadow hover:shadow-lightPurple\">\n          \n<picture  class=\"w-full aspect-video object-cover\">\n  <source media='(min-width: 834px)' srcset='https:\/\/lalgbtcenter.org\/app\/uploads\/2023\/08\/Lauri-Ann-Carleton.jpg 964w, https:\/\/lalgbtcenter.org\/app\/uploads\/2023\/08\/Lauri-Ann-Carleton-300x174.jpg 300w, https:\/\/lalgbtcenter.org\/app\/uploads\/2023\/08\/Lauri-Ann-Carleton-768x445.jpg 768w, https:\/\/lalgbtcenter.org\/app\/uploads\/2023\/08\/Lauri-Ann-Carleton-1x1.jpg 1w, https:\/\/lalgbtcenter.org\/app\/uploads\/2023\/08\/Lauri-Ann-Carleton-230x133.jpg 230w, https:\/\/lalgbtcenter.org\/app\/uploads\/2023\/08\/Lauri-Ann-Carleton-550x318.jpg 550w, https:\/\/lalgbtcenter.org\/app\/uploads\/2023\/08\/Lauri-Ann-Carleton-900x521.jpg 900w' sizes='40vw'>\n  <source media='(max-width: 834px)' srcset='https:\/\/lalgbtcenter.org\/app\/uploads\/2023\/08\/Lauri-Ann-Carleton.jpg 964w, https:\/\/lalgbtcenter.org\/app\/uploads\/2023\/08\/Lauri-Ann-Carleton-300x174.jpg 300w, https:\/\/lalgbtcenter.org\/app\/uploads\/2023\/08\/Lauri-Ann-Carleton-768x445.jpg 768w, https:\/\/lalgbtcenter.org\/app\/uploads\/2023\/08\/Lauri-Ann-Carleton-1x1.jpg 1w, https:\/\/lalgbtcenter.org\/app\/uploads\/2023\/08\/Lauri-Ann-Carleton-230x133.jpg 230w, https:\/\/lalgbtcenter.org\/app\/uploads\/2023\/08\/Lauri-Ann-Carleton-550x318.jpg 550w, https:\/\/lalgbtcenter.org\/app\/uploads\/2023\/08\/Lauri-Ann-Carleton-900x521.jpg 900w' sizes='83vw'>\n  <img class=\"w-full h-full object-cover w-full !h-auto aspect-video rounded-10\" src='https:\/\/lalgbtcenter.org\/app\/uploads\/2023\/08\/Lauri-Ann-Carleton.jpg' alt='' loading='lazy' \/>\n<\/picture>        <div class=\"w-full gap-4 pt-16\">\n      <p class=\"pl-16 body-legal inline-block text-black\/60\"><\/p>\n      <h3 class=\"!pl-16 !mt-0 !heading-xs\">Asesinan a tiros a un querido comerciante por exhibir una bandera arco iris<\/h3>\n    <\/div>\n  <\/div>\n<\/a>          \n<a href=\"https:\/\/lalgbtcenter.org\/es\/vanguard\/la-marcha-del-domingo-de-resurreccion-atrae-a-miles-de-personas-para-protestar-contra-la-legislacion-anti-lgbtq\/\" class=\"!no-underline h-full\">\n  <div class=\"bg-white rounded-10 p-12 pb-10 md:pb-14 h-full transition-shadow hover:shadow-lightPurple\">\n          \n<picture  class=\"w-full aspect-video object-cover\">\n  <source media='(min-width: 834px)' srcset='https:\/\/lalgbtcenter.org\/app\/uploads\/2023\/06\/Drag-March-2023-Speaker-1024x683.jpg 1024w, https:\/\/lalgbtcenter.org\/app\/uploads\/2023\/06\/Drag-March-2023-Speaker-300x200.jpg 300w, https:\/\/lalgbtcenter.org\/app\/uploads\/2023\/06\/Drag-March-2023-Speaker-768x512.jpg 768w, https:\/\/lalgbtcenter.org\/app\/uploads\/2023\/06\/Drag-March-2023-Speaker-1x1.jpg 1w, https:\/\/lalgbtcenter.org\/app\/uploads\/2023\/06\/Drag-March-2023-Speaker-770x513.jpg 770w, https:\/\/lalgbtcenter.org\/app\/uploads\/2023\/06\/Drag-March-2023-Speaker-850x567.jpg 850w, https:\/\/lalgbtcenter.org\/app\/uploads\/2023\/06\/Drag-March-2023-Speaker-910x607.jpg 910w, https:\/\/lalgbtcenter.org\/app\/uploads\/2023\/06\/Drag-March-2023-Speaker-1100x733.jpg 1100w, https:\/\/lalgbtcenter.org\/app\/uploads\/2023\/06\/Drag-March-2023-Speaker-1200x800.jpg 1200w, https:\/\/lalgbtcenter.org\/app\/uploads\/2023\/06\/Drag-March-2023-Speaker-1460x973.jpg 1460w, https:\/\/lalgbtcenter.org\/app\/uploads\/2023\/06\/Drag-March-2023-Speaker.jpg 1536w' sizes='40vw'>\n  <source media='(max-width: 834px)' srcset='https:\/\/lalgbtcenter.org\/app\/uploads\/2023\/06\/Drag-March-2023-Speaker-1024x683.jpg 1024w, https:\/\/lalgbtcenter.org\/app\/uploads\/2023\/06\/Drag-March-2023-Speaker-300x200.jpg 300w, https:\/\/lalgbtcenter.org\/app\/uploads\/2023\/06\/Drag-March-2023-Speaker-768x512.jpg 768w, https:\/\/lalgbtcenter.org\/app\/uploads\/2023\/06\/Drag-March-2023-Speaker-1x1.jpg 1w, https:\/\/lalgbtcenter.org\/app\/uploads\/2023\/06\/Drag-March-2023-Speaker-770x513.jpg 770w, https:\/\/lalgbtcenter.org\/app\/uploads\/2023\/06\/Drag-March-2023-Speaker-850x567.jpg 850w, https:\/\/lalgbtcenter.org\/app\/uploads\/2023\/06\/Drag-March-2023-Speaker-910x607.jpg 910w, https:\/\/lalgbtcenter.org\/app\/uploads\/2023\/06\/Drag-March-2023-Speaker-1100x733.jpg 1100w, https:\/\/lalgbtcenter.org\/app\/uploads\/2023\/06\/Drag-March-2023-Speaker-1200x800.jpg 1200w, https:\/\/lalgbtcenter.org\/app\/uploads\/2023\/06\/Drag-March-2023-Speaker-1460x973.jpg 1460w, https:\/\/lalgbtcenter.org\/app\/uploads\/2023\/06\/Drag-March-2023-Speaker.jpg 1536w' sizes='83vw'>\n  <img class=\"w-full h-full object-cover w-full !h-auto aspect-video rounded-10\" src='https:\/\/lalgbtcenter.org\/app\/uploads\/2023\/06\/Drag-March-2023-Speaker-1024x683.jpg' alt='' loading='lazy' \/>\n<\/picture>        <div class=\"w-full gap-4 pt-16\">\n      <p class=\"pl-16 body-legal inline-block text-black\/60\"><\/p>\n      <h3 class=\"!pl-16 !mt-0 !heading-xs\">La Marcha del Domingo de Resurrecci\u00f3n atrae a miles de personas para protestar contra la legislaci\u00f3n anti-LGBTQ+.<\/h3>\n    <\/div>\n  <\/div>\n<\/a>          \n<a href=\"https:\/\/lalgbtcenter.org\/es\/vanguard\/la-casa-de-avalon-y-las-hermanas-de-la-perpetua-indulgencia-se-unen-al-personal-del-centro-y-a-los-simpatizantes-del-orgullo-de-los-angeles-a-la-mierda-los-margenes-somos-el-centro\/\" class=\"!no-underline h-full\">\n  <div class=\"bg-white rounded-10 p-12 pb-10 md:pb-14 h-full transition-shadow hover:shadow-lightPurple\">\n          \n<picture  class=\"w-full aspect-video object-cover\">\n  <source media='(min-width: 834px)' srcset='https:\/\/lalgbtcenter.org\/app\/uploads\/2023\/06\/061123_LAPride_069-1-1024x683.jpg 1024w, https:\/\/lalgbtcenter.org\/app\/uploads\/2023\/06\/061123_LAPride_069-1-300x200.jpg 300w, https:\/\/lalgbtcenter.org\/app\/uploads\/2023\/06\/061123_LAPride_069-1-768x512.jpg 768w, https:\/\/lalgbtcenter.org\/app\/uploads\/2023\/06\/061123_LAPride_069-1-1536x1024.jpg 1536w, https:\/\/lalgbtcenter.org\/app\/uploads\/2023\/06\/061123_LAPride_069-1-2048x1365.jpg 2048w, https:\/\/lalgbtcenter.org\/app\/uploads\/2023\/06\/061123_LAPride_069-1-1x1.jpg 1w, https:\/\/lalgbtcenter.org\/app\/uploads\/2023\/06\/061123_LAPride_069-1-230x153.jpg 230w, https:\/\/lalgbtcenter.org\/app\/uploads\/2023\/06\/061123_LAPride_069-1-550x367.jpg 550w, https:\/\/lalgbtcenter.org\/app\/uploads\/2023\/06\/061123_LAPride_069-1-900x600.jpg 900w, https:\/\/lalgbtcenter.org\/app\/uploads\/2023\/06\/061123_LAPride_069-1-1130x753.jpg 1130w, https:\/\/lalgbtcenter.org\/app\/uploads\/2023\/06\/061123_LAPride_069-1-1280x853.jpg 1280w, https:\/\/lalgbtcenter.org\/app\/uploads\/2023\/06\/061123_LAPride_069-1-1460x973.jpg 1460w' sizes='40vw'>\n  <source media='(max-width: 834px)' srcset='https:\/\/lalgbtcenter.org\/app\/uploads\/2023\/06\/061123_LAPride_069-1-1024x683.jpg 1024w, https:\/\/lalgbtcenter.org\/app\/uploads\/2023\/06\/061123_LAPride_069-1-300x200.jpg 300w, https:\/\/lalgbtcenter.org\/app\/uploads\/2023\/06\/061123_LAPride_069-1-768x512.jpg 768w, https:\/\/lalgbtcenter.org\/app\/uploads\/2023\/06\/061123_LAPride_069-1-1536x1024.jpg 1536w, https:\/\/lalgbtcenter.org\/app\/uploads\/2023\/06\/061123_LAPride_069-1-2048x1365.jpg 2048w, https:\/\/lalgbtcenter.org\/app\/uploads\/2023\/06\/061123_LAPride_069-1-1x1.jpg 1w, https:\/\/lalgbtcenter.org\/app\/uploads\/2023\/06\/061123_LAPride_069-1-230x153.jpg 230w, https:\/\/lalgbtcenter.org\/app\/uploads\/2023\/06\/061123_LAPride_069-1-550x367.jpg 550w, https:\/\/lalgbtcenter.org\/app\/uploads\/2023\/06\/061123_LAPride_069-1-900x600.jpg 900w, https:\/\/lalgbtcenter.org\/app\/uploads\/2023\/06\/061123_LAPride_069-1-1130x753.jpg 1130w, https:\/\/lalgbtcenter.org\/app\/uploads\/2023\/06\/061123_LAPride_069-1-1280x853.jpg 1280w, https:\/\/lalgbtcenter.org\/app\/uploads\/2023\/06\/061123_LAPride_069-1-1460x973.jpg 1460w' sizes='83vw'>\n  <img class=\"w-full h-full object-cover w-full !h-auto aspect-video rounded-10\" src='https:\/\/lalgbtcenter.org\/app\/uploads\/2023\/06\/061123_LAPride_069-1-1024x683.jpg' alt='' loading='lazy' \/>\n<\/picture>        <div class=\"w-full gap-4 pt-16\">\n      <p class=\"pl-16 body-legal inline-block text-black\/60\"><\/p>\n      <h3 class=\"!pl-16 !mt-0 !heading-xs\">La Casa de Avalon y las Hermanas de la Perpetua Indulgencia se unen al personal del Centro y a los simpatizantes del Orgullo de Los \u00c1ngeles: &quot;A la mierda los m\u00e1rgenes. Somos el Centro&quot;.<\/h3>\n    <\/div>\n  <\/div>\n<\/a>          \n<a href=\"https:\/\/lalgbtcenter.org\/es\/vanguard\/nancy-valverde-activista-lesbiana-y-pionera-homenajeada-en-el-centro-de-los-angeles\/\" class=\"!no-underline h-full\">\n  <div class=\"bg-white rounded-10 p-12 pb-10 md:pb-14 h-full transition-shadow hover:shadow-lightPurple\">\n          \n<picture  class=\"w-full aspect-video object-cover\">\n  <source media='(min-width: 834px)' srcset='https:\/\/lalgbtcenter.org\/app\/uploads\/2023\/08\/071123_Nancy_07-1024x683.jpg 1024w, https:\/\/lalgbtcenter.org\/app\/uploads\/2023\/08\/071123_Nancy_07-300x200.jpg 300w, https:\/\/lalgbtcenter.org\/app\/uploads\/2023\/08\/071123_Nancy_07-768x512.jpg 768w, https:\/\/lalgbtcenter.org\/app\/uploads\/2023\/08\/071123_Nancy_07-1536x1024.jpg 1536w, https:\/\/lalgbtcenter.org\/app\/uploads\/2023\/08\/071123_Nancy_07-2048x1365.jpg 2048w, https:\/\/lalgbtcenter.org\/app\/uploads\/2023\/08\/071123_Nancy_07-1x1.jpg 1w, https:\/\/lalgbtcenter.org\/app\/uploads\/2023\/08\/071123_Nancy_07-230x153.jpg 230w, https:\/\/lalgbtcenter.org\/app\/uploads\/2023\/08\/071123_Nancy_07-550x367.jpg 550w, https:\/\/lalgbtcenter.org\/app\/uploads\/2023\/08\/071123_Nancy_07-900x600.jpg 900w, https:\/\/lalgbtcenter.org\/app\/uploads\/2023\/08\/071123_Nancy_07-1130x753.jpg 1130w, https:\/\/lalgbtcenter.org\/app\/uploads\/2023\/08\/071123_Nancy_07-1280x853.jpg 1280w, https:\/\/lalgbtcenter.org\/app\/uploads\/2023\/08\/071123_Nancy_07-1460x973.jpg 1460w' sizes='40vw'>\n  <source media='(max-width: 834px)' srcset='https:\/\/lalgbtcenter.org\/app\/uploads\/2023\/08\/071123_Nancy_07-1024x683.jpg 1024w, https:\/\/lalgbtcenter.org\/app\/uploads\/2023\/08\/071123_Nancy_07-300x200.jpg 300w, https:\/\/lalgbtcenter.org\/app\/uploads\/2023\/08\/071123_Nancy_07-768x512.jpg 768w, https:\/\/lalgbtcenter.org\/app\/uploads\/2023\/08\/071123_Nancy_07-1536x1024.jpg 1536w, https:\/\/lalgbtcenter.org\/app\/uploads\/2023\/08\/071123_Nancy_07-2048x1365.jpg 2048w, https:\/\/lalgbtcenter.org\/app\/uploads\/2023\/08\/071123_Nancy_07-1x1.jpg 1w, https:\/\/lalgbtcenter.org\/app\/uploads\/2023\/08\/071123_Nancy_07-230x153.jpg 230w, https:\/\/lalgbtcenter.org\/app\/uploads\/2023\/08\/071123_Nancy_07-550x367.jpg 550w, https:\/\/lalgbtcenter.org\/app\/uploads\/2023\/08\/071123_Nancy_07-900x600.jpg 900w, https:\/\/lalgbtcenter.org\/app\/uploads\/2023\/08\/071123_Nancy_07-1130x753.jpg 1130w, https:\/\/lalgbtcenter.org\/app\/uploads\/2023\/08\/071123_Nancy_07-1280x853.jpg 1280w, https:\/\/lalgbtcenter.org\/app\/uploads\/2023\/08\/071123_Nancy_07-1460x973.jpg 1460w' sizes='83vw'>\n  <img class=\"w-full h-full object-cover w-full !h-auto aspect-video rounded-10\" src='https:\/\/lalgbtcenter.org\/app\/uploads\/2023\/08\/071123_Nancy_07-1024x683.jpg' alt='' loading='lazy' \/>\n<\/picture>        <div class=\"w-full gap-4 pt-16\">\n      <p class=\"pl-16 body-legal inline-block text-black\/60\"><\/p>\n      <h3 class=\"!pl-16 !mt-0 !heading-xs\">Nancy Valverde, activista lesbiana y pionera, homenajeada en el centro de Los \u00c1ngeles<\/h3>\n    <\/div>\n  <\/div>\n<\/a>      <\/div>\n<\/div><\/section>","protected":false},"excerpt":{"rendered":"<p>La Bandera del Orgullo de Urraca apoyar\u00e1 el Fondo LGBTQ+ de Lake Arrowhead en memoria de Carleton.<\/p>\n","protected":false},"author":34,"featured_media":21712,"comment_status":"closed","ping_status":"closed","sticky":false,"template":"","format":"standard","meta":{"footnotes":""},"categories":[133],"tags":[],"class_list":["post-22183","post","type-post","status-publish","format-standard","has-post-thumbnail","hentry","category-politica-y-defensa"],"metadata":{"_encloseme":["1"],"_sbi_oembed_done_checking":["1"],"_yoast_wpseo_primary_category":["68"],"_top_nav_excluded":[""],"_cms_nav_minihome":[""],"_yoast_wpseo_metadesc":["La Bandera del Orgullo de Urraca apoyar\u00e1 el Fondo LGBTQ+ de Lake Arrowhead en memoria de Carleton."],"_thumbnail_id":["21712"],"_last_translation_edit_mode":["translation-editor"],"_wpml_word_count":["{\"total\":286,\"to_translate\":{\"en\":286}}"]},"acf":[],"yoast_head":"<!-- This site is optimized with the Yoast SEO plugin v20.13 - https:\/\/yoast.com\/wordpress\/plugins\/seo\/ -->\n<title>El Centro LGBT de Los \u00c1ngeles y Flags for Good presentan la Bandera del Orgullo de las Urracas en honor de la difunta Lauri Carleton - Los Angeles LGBT Center<\/title>\n<meta name=\"description\" content=\"La Bandera del Orgullo de Urraca apoyar\u00e1 el Fondo LGBTQ+ de Lake Arrowhead en memoria de Carleton.\" \/>\n<meta name=\"robots\" content=\"index, follow, max-snippet:-1, max-image-preview:large, max-video-preview:-1\" \/>\n<link rel=\"canonical\" href=\"https:\/\/lalgbtcenter.org\/es\/vanguard\/el-centro-lgbt-de-los-angeles-y-flags-for-good-presentan-la-bandera-del-orgullo-de-las-urracas-en-honor-de-la-difunta-lauri-carleton\/\" \/>\n<meta property=\"og:locale\" content=\"es_ES\" \/>\n<meta property=\"og:type\" content=\"article\" \/>\n<meta property=\"og:title\" content=\"El Centro LGBT de Los \u00c1ngeles y Flags for Good presentan la Bandera del Orgullo de las Urracas en honor de la difunta Lauri Carleton - Los Angeles LGBT Center\" \/>\n<meta property=\"og:description\" content=\"La Bandera del Orgullo de Urraca apoyar\u00e1 el Fondo LGBTQ+ de Lake Arrowhead en memoria de Carleton.\" \/>\n<meta property=\"og:url\" content=\"https:\/\/lalgbtcenter.org\/es\/vanguard\/el-centro-lgbt-de-los-angeles-y-flags-for-good-presentan-la-bandera-del-orgullo-de-las-urracas-en-honor-de-la-difunta-lauri-carleton\/\" \/>\n<meta property=\"og:site_name\" content=\"Los Angeles LGBT Center\" \/>\n<meta property=\"article:published_time\" content=\"2023-08-25T01:25:09+00:00\" \/>\n<meta property=\"article:modified_time\" content=\"2024-04-10T10:51:42+00:00\" \/>\n<meta property=\"og:image\" content=\"https:\/\/lalgbtcenter.org\/app\/uploads\/2023\/08\/Magpie-Progress-Pride-Flag.jpeg\" \/>\n\t<meta property=\"og:image:width\" content=\"1000\" \/>\n\t<meta property=\"og:image:height\" content=\"1000\" \/>\n\t<meta property=\"og:image:type\" content=\"image\/jpeg\" \/>\n<meta name=\"author\" content=\"Los Angeles LGBT Center\" \/>\n<meta name=\"twitter:card\" content=\"summary_large_image\" \/>\n<meta name=\"twitter:label1\" content=\"Written by\" \/>\n\t<meta name=\"twitter:data1\" content=\"Los Angeles LGBT Center\" \/>\n\t<meta name=\"twitter:label2\" content=\"Est. reading time\" \/>\n\t<meta name=\"twitter:data2\" content=\"1 minute\" \/>\n<script type=\"application\/ld+json\" class=\"yoast-schema-graph\">{\"@context\":\"https:\/\/schema.org\",\"@graph\":[{\"@type\":\"WebPage\",\"@id\":\"https:\/\/lalgbtcenter.org\/es\/vanguard\/el-centro-lgbt-de-los-angeles-y-flags-for-good-presentan-la-bandera-del-orgullo-de-las-urracas-en-honor-de-la-difunta-lauri-carleton\/\",\"url\":\"https:\/\/lalgbtcenter.org\/es\/vanguard\/el-centro-lgbt-de-los-angeles-y-flags-for-good-presentan-la-bandera-del-orgullo-de-las-urracas-en-honor-de-la-difunta-lauri-carleton\/\",\"name\":\"El Centro LGBT de Los \u00c1ngeles y Flags for Good presentan la Bandera del Orgullo de las Urracas en honor de la difunta Lauri Carleton - Los Angeles LGBT Center\",\"isPartOf\":{\"@id\":\"https:\/\/dev-lalgbtcenter.pantheonsite.io\/#website\"},\"datePublished\":\"2023-08-25T01:25:09+00:00\",\"dateModified\":\"2024-04-10T10:51:42+00:00\",\"author\":{\"@id\":\"https:\/\/dev-lalgbtcenter.pantheonsite.io\/#\/schema\/person\/3acd98dfad8b1d0682eb931a3d38707a\"},\"description\":\"La Bandera del Orgullo de Urraca apoyar\u00e1 el Fondo LGBTQ+ de Lake Arrowhead en memoria de Carleton.\",\"inLanguage\":\"es-ES\",\"potentialAction\":[{\"@type\":\"ReadAction\",\"target\":[\"https:\/\/lalgbtcenter.org\/es\/vanguard\/el-centro-lgbt-de-los-angeles-y-flags-for-good-presentan-la-bandera-del-orgullo-de-las-urracas-en-honor-de-la-difunta-lauri-carleton\/\"]}]},{\"@type\":\"WebSite\",\"@id\":\"https:\/\/dev-lalgbtcenter.pantheonsite.io\/#website\",\"url\":\"https:\/\/dev-lalgbtcenter.pantheonsite.io\/\",\"name\":\"Los Angeles LGBT Center\",\"description\":\"\",\"potentialAction\":[{\"@type\":\"SearchAction\",\"target\":{\"@type\":\"EntryPoint\",\"urlTemplate\":\"https:\/\/dev-lalgbtcenter.pantheonsite.io\/?s={search_term_string}\"},\"query-input\":\"required name=search_term_string\"}],\"inLanguage\":\"es-ES\"},{\"@type\":\"Person\",\"@id\":\"https:\/\/dev-lalgbtcenter.pantheonsite.io\/#\/schema\/person\/3acd98dfad8b1d0682eb931a3d38707a\",\"name\":\"Los Angeles LGBT Center\",\"image\":{\"@type\":\"ImageObject\",\"inLanguage\":\"es-ES\",\"@id\":\"https:\/\/dev-lalgbtcenter.pantheonsite.io\/#\/schema\/person\/image\/\",\"url\":\"https:\/\/lalgbtcenter.org\/wp-content\/uploads\/2023\/08\/cropped-los-angeles-lgbt-center-96x96.png\",\"contentUrl\":\"https:\/\/lalgbtcenter.org\/wp-content\/uploads\/2023\/08\/cropped-los-angeles-lgbt-center-96x96.png\",\"caption\":\"Los Angeles LGBT Center\"},\"url\":\"https:\/\/lalgbtcenter.org\/es\/vanguard\/author\/lalgbtcenter\/\"}]}<\/script>\n<!-- \/ Yoast SEO plugin. -->","yoast_head_json":{"title":"El Centro LGBT de Los \u00c1ngeles y Flags for Good presentan la Bandera del Orgullo de las Urracas en honor de la difunta Lauri Carleton - Los Angeles LGBT Center","description":"La Bandera del Orgullo de Urraca apoyar\u00e1 el Fondo LGBTQ+ de Lake Arrowhead en memoria de Carleton.","robots":{"index":"index","follow":"follow","max-snippet":"max-snippet:-1","max-image-preview":"max-image-preview:large","max-video-preview":"max-video-preview:-1"},"canonical":"https:\/\/lalgbtcenter.org\/es\/vanguard\/el-centro-lgbt-de-los-angeles-y-flags-for-good-presentan-la-bandera-del-orgullo-de-las-urracas-en-honor-de-la-difunta-lauri-carleton\/","og_locale":"es_ES","og_type":"article","og_title":"El Centro LGBT de Los \u00c1ngeles y Flags for Good presentan la Bandera del Orgullo de las Urracas en honor de la difunta Lauri Carleton - Los Angeles LGBT Center","og_description":"La Bandera del Orgullo de Urraca apoyar\u00e1 el Fondo LGBTQ+ de Lake Arrowhead en memoria de Carleton.","og_url":"https:\/\/lalgbtcenter.org\/es\/vanguard\/el-centro-lgbt-de-los-angeles-y-flags-for-good-presentan-la-bandera-del-orgullo-de-las-urracas-en-honor-de-la-difunta-lauri-carleton\/","og_site_name":"Los Angeles LGBT Center","article_published_time":"2023-08-25T01:25:09+00:00","article_modified_time":"2024-04-10T10:51:42+00:00","og_image":[{"width":1000,"height":1000,"url":"https:\/\/lalgbtcenter.org\/app\/uploads\/2023\/08\/Magpie-Progress-Pride-Flag.jpeg","type":"image\/jpeg"}],"author":"Los Angeles LGBT Center","twitter_card":"summary_large_image","twitter_misc":{"Written by":"Los Angeles LGBT Center","Est. reading time":"1 minute"},"schema":{"@context":"https:\/\/schema.org","@graph":[{"@type":"WebPage","@id":"https:\/\/lalgbtcenter.org\/es\/vanguard\/el-centro-lgbt-de-los-angeles-y-flags-for-good-presentan-la-bandera-del-orgullo-de-las-urracas-en-honor-de-la-difunta-lauri-carleton\/","url":"https:\/\/lalgbtcenter.org\/es\/vanguard\/el-centro-lgbt-de-los-angeles-y-flags-for-good-presentan-la-bandera-del-orgullo-de-las-urracas-en-honor-de-la-difunta-lauri-carleton\/","name":"El Centro LGBT de Los \u00c1ngeles y Flags for Good presentan la Bandera del Orgullo de las Urracas en honor de la difunta Lauri Carleton - Los Angeles LGBT Center","isPartOf":{"@id":"https:\/\/dev-lalgbtcenter.pantheonsite.io\/#website"},"datePublished":"2023-08-25T01:25:09+00:00","dateModified":"2024-04-10T10:51:42+00:00","author":{"@id":"https:\/\/dev-lalgbtcenter.pantheonsite.io\/#\/schema\/person\/3acd98dfad8b1d0682eb931a3d38707a"},"description":"La Bandera del Orgullo de Urraca apoyar\u00e1 el Fondo LGBTQ+ de Lake Arrowhead en memoria de Carleton.","inLanguage":"es-ES","potentialAction":[{"@type":"ReadAction","target":["https:\/\/lalgbtcenter.org\/es\/vanguard\/el-centro-lgbt-de-los-angeles-y-flags-for-good-presentan-la-bandera-del-orgullo-de-las-urracas-en-honor-de-la-difunta-lauri-carleton\/"]}]},{"@type":"WebSite","@id":"https:\/\/dev-lalgbtcenter.pantheonsite.io\/#website","url":"https:\/\/dev-lalgbtcenter.pantheonsite.io\/","name":"Los Angeles LGBT Center","description":"","potentialAction":[{"@type":"SearchAction","target":{"@type":"EntryPoint","urlTemplate":"https:\/\/dev-lalgbtcenter.pantheonsite.io\/?s={search_term_string}"},"query-input":"required name=search_term_string"}],"inLanguage":"es-ES"},{"@type":"Person","@id":"https:\/\/dev-lalgbtcenter.pantheonsite.io\/#\/schema\/person\/3acd98dfad8b1d0682eb931a3d38707a","name":"Los Angeles LGBT Center","image":{"@type":"ImageObject","inLanguage":"es-ES","@id":"https:\/\/dev-lalgbtcenter.pantheonsite.io\/#\/schema\/person\/image\/","url":"https:\/\/lalgbtcenter.org\/wp-content\/uploads\/2023\/08\/cropped-los-angeles-lgbt-center-96x96.png","contentUrl":"https:\/\/lalgbtcenter.org\/wp-content\/uploads\/2023\/08\/cropped-los-angeles-lgbt-center-96x96.png","caption":"Los Angeles LGBT Center"},"url":"https:\/\/lalgbtcenter.org\/es\/vanguard\/author\/lalgbtcenter\/"}]}},"_links":{"self":[{"href":"https:\/\/lalgbtcenter.org\/es\/wp-json\/wp\/v2\/posts\/22183"}],"collection":[{"href":"https:\/\/lalgbtcenter.org\/es\/wp-json\/wp\/v2\/posts"}],"about":[{"href":"https:\/\/lalgbtcenter.org\/es\/wp-json\/wp\/v2\/types\/post"}],"author":[{"embeddable":true,"href":"https:\/\/lalgbtcenter.org\/es\/wp-json\/wp\/v2\/users\/34"}],"replies":[{"embeddable":true,"href":"https:\/\/lalgbtcenter.org\/es\/wp-json\/wp\/v2\/comments?post=22183"}],"version-history":[{"count":1,"href":"https:\/\/lalgbtcenter.org\/es\/wp-json\/wp\/v2\/posts\/22183\/revisions"}],"predecessor-version":[{"id":22190,"href":"https:\/\/lalgbtcenter.org\/es\/wp-json\/wp\/v2\/posts\/22183\/revisions\/22190"}],"wp:featuredmedia":[{"embeddable":true,"href":"https:\/\/lalgbtcenter.org\/es\/wp-json\/wp\/v2\/media\/21712"}],"wp:attachment":[{"href":"https:\/\/lalgbtcenter.org\/es\/wp-json\/wp\/v2\/media?parent=22183"}],"wp:term":[{"taxonomy":"category","embeddable":true,"href":"https:\/\/lalgbtcenter.org\/es\/wp-json\/wp\/v2\/categories?post=22183"},{"taxonomy":"post_tag","embeddable":true,"href":"https:\/\/lalgbtcenter.org\/es\/wp-json\/wp\/v2\/tags?post=22183"}],"curies":[{"name":"wp","href":"https:\/\/api.w.org\/{rel}","templated":true}]}}