{"id":22181,"date":"2024-02-24T08:00:00","date_gmt":"2024-02-24T16:00:00","guid":{"rendered":"https:\/\/lalgbtcenter.org\/vanguard\/giovanna-fischer-directora-general-de-equidad-habla-de-crear-el-cambio-a-traves-de-la-imaginacion\/"},"modified":"2024-04-10T03:51:42","modified_gmt":"2024-04-10T10:51:42","slug":"giovanna-fischer-directora-general-de-equidad-habla-de-crear-el-cambio-a-traves-de-la-imaginacion","status":"publish","type":"post","link":"https:\/\/lalgbtcenter.org\/es\/vanguard\/giovanna-fischer-directora-general-de-equidad-habla-de-crear-el-cambio-a-traves-de-la-imaginacion\/","title":{"rendered":"Giovanna Fischer, Directora General de Equidad, habla de crear el cambio a trav\u00e9s de la imaginaci\u00f3n"},"content":{"rendered":"\n<p>Febrero es el Mes de la Historia Negra, y a menudo se considera una ocasi\u00f3n para reconocer y rendir homenaje a los movimientos sociales y figuras hist\u00f3ricas que nos precedieron. Pero para la Directora de Equidad del Centro, Giovanna Fischer, la historia no se limita al pasado.<\/p>\n\n<p>&#8220;Vivimos en un mundo, en un pa\u00eds que hist\u00f3ricamente no ha estado a favor de elevar y celebrar la vida de los negros&#8221;, afirma Fischer. &#8220;Pero merecemos celebraci\u00f3n y reconocimiento y honor; nuestras vidas y experiencias merecen este espacio intencional&#8221;.  <\/p>\n\n<p>S\u00ed, la historia existe en el pasado. Pero tambi\u00e9n existe en el presente, escribi\u00e9ndose en las vidas y experiencias de las personas y comunidades que nos rodean. Tambi\u00e9n existe en el futuro, ya que se est\u00e1 gestando en los corazones y las mentes de los pensadores, los artistas y la gente corriente que espera un futuro mejor.<\/p>\n\n<blockquote class=\"wp-block-quote is-layout-flow wp-block-quote-is-layout-flow\">\n<p>Merecemos celebraci\u00f3n, reconocimiento y honor; nuestras vidas y experiencias merecen este espacio intencional.<\/p>\n<cite>Giovanna Fischer, Jefa de Equidad, Centro LGBT de Los \u00c1ngeles<\/cite><\/blockquote>\n\n<p>Es esa idea la que impulsa el trabajo de Fischer como Directora de Equidad y el pr\u00f3ximo acto comunitario del Centro con motivo del Mes de la Historia Negra, Highly Favored. El nuevo evento contar\u00e1 con una entrega de premios a cargo de la ic\u00f3nica artista negra Raven-Symon\u00e9, un miniball comisariado por la Casa de Marc Jacobs, icono de los salones de baile de Los \u00c1ngeles, y una instalaci\u00f3n en una galer\u00eda que evoca ideas de juego, ocio y abundancia.<\/p>\n\n<p>&#8220;Hay algo en la elecci\u00f3n de algo que se siente como una afirmaci\u00f3n como el nombre de este evento&#8221;, dice Fischer. &#8220;Significa que la gente tiene que leerlo y decirlo en voz alta. Eso tiene su poder. Es como si me ungieran cuando lo digo. Como si te diera permiso para sentirte t\u00fa mismo y estar en tu poder&#8221;.<\/p>\n\n<p>Puede leer m\u00e1s informaci\u00f3n de Fischer a continuaci\u00f3n, y saber m\u00e1s sobre Highly Favored o conseguir entradas <a href=\"https:\/\/lalgbtcenter.org\/es\/event\/muy-favorecido\/\">aqu\u00ed<\/a>.  <\/p>\n\n<figure class=\"wp-block-image size-large\"><img loading=\"lazy\" decoding=\"async\" width=\"683\" height=\"1024\" src=\"https:\/\/lalgbtcenter.org\/app\/uploads\/2024\/02\/021524_Giovanna_40_RT-copy-683x1024.jpg\" alt=\"Giovanna Fischer\" class=\"wp-image-20318\" srcset=\"https:\/\/lalgbtcenter.org\/app\/uploads\/2024\/02\/021524_Giovanna_40_RT-copy-683x1024.jpg 683w, https:\/\/lalgbtcenter.org\/app\/uploads\/2024\/02\/021524_Giovanna_40_RT-copy-200x300.jpg 200w, https:\/\/lalgbtcenter.org\/app\/uploads\/2024\/02\/021524_Giovanna_40_RT-copy-768x1152.jpg 768w, https:\/\/lalgbtcenter.org\/app\/uploads\/2024\/02\/021524_Giovanna_40_RT-copy-1024x1536.jpg 1024w, https:\/\/lalgbtcenter.org\/app\/uploads\/2024\/02\/021524_Giovanna_40_RT-copy-1365x2048.jpg 1365w, https:\/\/lalgbtcenter.org\/app\/uploads\/2024\/02\/021524_Giovanna_40_RT-copy-1x1.jpg 1w, https:\/\/lalgbtcenter.org\/app\/uploads\/2024\/02\/021524_Giovanna_40_RT-copy-230x345.jpg 230w, https:\/\/lalgbtcenter.org\/app\/uploads\/2024\/02\/021524_Giovanna_40_RT-copy-550x825.jpg 550w, https:\/\/lalgbtcenter.org\/app\/uploads\/2024\/02\/021524_Giovanna_40_RT-copy-900x1350.jpg 900w, https:\/\/lalgbtcenter.org\/app\/uploads\/2024\/02\/021524_Giovanna_40_RT-copy-1130x1695.jpg 1130w, https:\/\/lalgbtcenter.org\/app\/uploads\/2024\/02\/021524_Giovanna_40_RT-copy-1280x1920.jpg 1280w, https:\/\/lalgbtcenter.org\/app\/uploads\/2024\/02\/021524_Giovanna_40_RT-copy-1460x2190.jpg 1460w, https:\/\/lalgbtcenter.org\/app\/uploads\/2024\/02\/021524_Giovanna_40_RT-copy-scaled.jpg 1707w\" sizes=\"(max-width: 683px) 100vw, 683px\" \/><figcaption class=\"wp-element-caption\">Fotos de Zev Rose Woolley<\/figcaption><\/figure>\n\n<p><strong>\u00bfPor qu\u00e9 es importante celebrar el Mes de la Historia Negra?<\/strong><\/p>\n\n<p>Por un lado, s\u00ed, deber\u00edamos celebrar la historia de los negros todo el tiempo. Pero hay algo especial que surge cuando se le llama la atenci\u00f3n y se le da espacio. Sobre todo cuando ese espacio no ha existido antes. Vivimos en un mundo, en un pa\u00eds que hist\u00f3ricamente ha estado en contra de elevar y celebrar la vida de los negros. Pero merecemos celebraci\u00f3n, reconocimiento y honor; nuestras vidas y experiencias merecen este espacio intencional.<\/p>\n\n<p><strong>Cuando o\u00edmos &#8220;Mes de la Historia Negra&#8221;, tendemos a pensar en el pasado. Pero, \u00bfc\u00f3mo cree que el pasado influye en la &#8220;historia&#8221; del presente?<\/strong><\/p>\n\n<p>Nada existe en el vac\u00edo. S\u00ed, miremos la historia. Hablemos de las cosas y las personas que no nos ense\u00f1aron en la escuela. Hablemos de estos movimientos sociales y de c\u00f3mo influyen en nuestras vidas actuales. Todo est\u00e1 en relaci\u00f3n con el presente, y el futuro tambi\u00e9n es muy, muy importante. Soy una gran defensora del di\u00e1logo intergeneracional; sin duda necesitamos m\u00e1s espacios intergeneracionales. Pero es algo rec\u00edproco. Quiero que los j\u00f3venes escuchen lo que nuestros mayores tienen que decir. Quiero que nuestros mayores escuchen lo que viven los j\u00f3venes negros. Siempre necesitamos conversar. As\u00ed es como progresamos.<\/p>\n\n<p><strong>\u00bfCu\u00e1les son algunas de las formas en que la historia negra se cruza con la historia LGBTQ+ y los movimientos queer que tienen lugar hoy en d\u00eda?<\/strong><\/p>\n\n<p>Creo que &#8220;queer&#8221;, en principio, nos pide que alteremos los binarios y las formas en que se nos ha categorizado. Creo que si aplicamos una sensibilidad queer a la forma en que pensamos sobre el Mes de la Historia Negra, nos invita a pensar en \u00e9l de forma un poco m\u00e1s creativa. \u00bfQu\u00e9 pasa si no es s\u00f3lo historia lo que estamos viendo? Apoy\u00e9monos en la relaci\u00f3n entre pasado, presente y futuro. Uno de mis pensadores favoritos es el historiador y activista Robin D.G. Kelly, actualmente en la UCLA. Sus investigaciones abarcan los movimientos sociales, los surrealistas negros y la vida de Thelonious Monk. Tiene un libro llamado <a href=\"https:\/\/www.penguinrandomhouse.com\/books\/206173\/freedom-dreams-by-robin-dg-kelley\/\">\n  <em>Sue\u00f1os de libertad: The Black Radical Imagination<\/em>\n<\/a>en el que pone a pensadores y artistas en el mismo saco que la gente que estaba profundamente arraigada en el trabajo de los movimientos pol\u00edticos. Plantea esta idea de la imaginaci\u00f3n como una herramienta de resistencia, una herramienta de liberaci\u00f3n. Pienso en algunos de mis artistas favoritos: me encanta la m\u00fasica house, disco, y ese espacio fue en gran medida un centro para la comunidad queer. Hubo muchos negros, como Sylvester, que crearon una cultura que hac\u00eda que la gente se sintiera libre, aunque s\u00f3lo fuera durante unas horas por noche. Eso es algo que la gente queer realmente entend\u00eda y valoraba. Hemos luchado y luchado y luchado, pero eso no anula nuestra necesidad o nuestro deseo de jugar o de encontrar la alegr\u00eda, sino que lo complementa. Est\u00e1 en relaci\u00f3n con la resistencia.  <\/p>\n\n<figure class=\"wp-block-image size-large\"><img loading=\"lazy\" decoding=\"async\" width=\"1024\" height=\"683\" src=\"https:\/\/lalgbtcenter.org\/app\/uploads\/2024\/02\/021524_Giovanna_42_RT-copy-1024x683.jpg\" alt=\"Giovanna Fischer\" class=\"wp-image-20319\" srcset=\"https:\/\/lalgbtcenter.org\/app\/uploads\/2024\/02\/021524_Giovanna_42_RT-copy-1024x683.jpg 1024w, https:\/\/lalgbtcenter.org\/app\/uploads\/2024\/02\/021524_Giovanna_42_RT-copy-300x200.jpg 300w, https:\/\/lalgbtcenter.org\/app\/uploads\/2024\/02\/021524_Giovanna_42_RT-copy-768x512.jpg 768w, https:\/\/lalgbtcenter.org\/app\/uploads\/2024\/02\/021524_Giovanna_42_RT-copy-1536x1024.jpg 1536w, https:\/\/lalgbtcenter.org\/app\/uploads\/2024\/02\/021524_Giovanna_42_RT-copy-2048x1365.jpg 2048w, https:\/\/lalgbtcenter.org\/app\/uploads\/2024\/02\/021524_Giovanna_42_RT-copy-1x1.jpg 1w, https:\/\/lalgbtcenter.org\/app\/uploads\/2024\/02\/021524_Giovanna_42_RT-copy-230x153.jpg 230w, https:\/\/lalgbtcenter.org\/app\/uploads\/2024\/02\/021524_Giovanna_42_RT-copy-550x367.jpg 550w, https:\/\/lalgbtcenter.org\/app\/uploads\/2024\/02\/021524_Giovanna_42_RT-copy-900x600.jpg 900w, https:\/\/lalgbtcenter.org\/app\/uploads\/2024\/02\/021524_Giovanna_42_RT-copy-1130x753.jpg 1130w, https:\/\/lalgbtcenter.org\/app\/uploads\/2024\/02\/021524_Giovanna_42_RT-copy-1280x853.jpg 1280w, https:\/\/lalgbtcenter.org\/app\/uploads\/2024\/02\/021524_Giovanna_42_RT-copy-1460x973.jpg 1460w\" sizes=\"(max-width: 1024px) 100vw, 1024px\" \/><figcaption class=\"wp-element-caption\">Fotos de Zev Rose Woolley<\/figcaption><\/figure>\n\n<p><strong>\u00bfC\u00f3mo cree que esta idea influye en su trabajo como Directora de Equidad del Centro y en eventos como <\/strong><a href=\"https:\/\/lalgbtcenter.org\/es\/event\/muy-favorecido\/\">\n  <strong>Muy favorecidos<\/strong>\n<\/a><strong>?<\/strong><\/p>\n\n<p>Me niego a que la imaginaci\u00f3n y la alegr\u00eda queden relegadas a un segundo plano aqu\u00ed en el Centro, porque eso forma parte en gran medida del trabajo de movimiento. Forma parte de seguir adelante e impulsar el trabajo que hacemos. No significa que abandonemos la lucha o que no vivamos reconociendo las duras realidades. La realidad es que las mujeres trans negras y morenas est\u00e1n muriendo, est\u00e1n siendo asesinadas. Estas muertes no se denuncian, estas muertes se silencian, sus vidas no se valoran. Esa es la realidad. As\u00ed que cuando pensamos en dise\u00f1ar un futuro en el que estas mujeres est\u00e9n centradas y seguras, eso requiere que activemos nuestra imaginaci\u00f3n para conceptualizar un mundo diferente en el que esto no sea as\u00ed. Merecen nuestra imaginaci\u00f3n. Si no, no podremos ver ese futuro, porque no existe.  <\/p>\n\n<p>Esa idea es la que realmente impulsa a Highly Favored este a\u00f1o. Tenemos esta instalaci\u00f3n [at the Advocate &amp; Gochis Galleries] dise\u00f1ada para que parezca un jard\u00edn en el que los negros puedan disfrutar del ocio y la imaginaci\u00f3n. Especialmente en el Mes de la Historia Negra, merecemos darnos un espacio en el que podamos experimentar el juego, la maravilla, la alegr\u00eda y el descanso. Esto es necesario para que podamos acceder a la capacidad de visi\u00f3n<\/p>\n\n<p><strong>M\u00e1s all\u00e1 de Highly Favored, \u00bfpodr\u00eda hablarnos un poco m\u00e1s de su trabajo como Directora de Equidad del Centro y de su visi\u00f3n de futuro?<\/strong><\/p>\n\n<p>En la fundaci\u00f3n, la gente debe sentirse orgullosa de trabajar aqu\u00ed. Quiero que la gente se sienta vinculada a su trabajo y fortalecida por \u00e9l. Para que eso ocurra, tienes que ser capaz de aportar todo tu ser al trabajo. Y eso no significa que tu yo vaya a quedar sin control, porque todos estamos en proceso. Todos estamos aprendiendo. Pero espero que trabajar aqu\u00ed inspire a la gente a abrir esas ideas y sentimientos en s\u00ed mismos. Considero el trabajo de equidad como el trabajo de cambiar la cultura. Y la gente tiene que sentirse segura antes de poder abrirse y dejarse tocar por algo y tocarse unos a otros: el principio del cambio.  <\/p>\n\n<p>Mientras cre\u00e1bamos el marco de equidad para el Centro, pensaba mucho en la atenci\u00f3n y en la justicia. Estaba pensando en la gente que existe en el nexo de la opresi\u00f3n. \u00bfC\u00f3mo centramos a esas personas en el dise\u00f1o de nuestro trabajo? Incluso algo tan sencillo como el orden del d\u00eda de una reuni\u00f3n, un programa comunitario o los procesos y protocolos de nuestra farmacia. \u00bfC\u00f3mo es la sala de espera de nuestra cl\u00ednica? Algo de eso es un poco elevado, pero de nuevo, es esta idea de que merecemos imaginaci\u00f3n. Hace falta imaginaci\u00f3n para crear un futuro diferente. \u00bfQu\u00e9 significa centrarse en las personas trans de color, desbaratar activamente nuestros aprendizajes capacitistas y centrarse en las personas con discapacidad, y centrarse en las personas que hablan idiomas distintos del ingl\u00e9s? \u00bfQu\u00e9 significa realmente crear un espacio en el que se sientan a gusto? \u00bfC\u00f3mo creamos oportunidades para que esa gente se sienta celebrada e implicada? El trabajo es comprometerse a afrontarlo y mantener estas conversaciones. Yo s\u00f3lo soy un facilitador en este trabajo, estoy aqu\u00ed para animarnos a pensar de esa manera para que podamos dise\u00f1ar y redise\u00f1ar nuestro mundo de forma que funcione para todos.<\/p>\n\n<figure class=\"wp-block-image size-large\"><img loading=\"lazy\" decoding=\"async\" width=\"683\" height=\"1024\" src=\"https:\/\/lalgbtcenter.org\/app\/uploads\/2024\/02\/021524_Giovanna_48_RT-copy-683x1024.jpg\" alt=\"Giovanna Fischer\" class=\"wp-image-20320\" srcset=\"https:\/\/lalgbtcenter.org\/app\/uploads\/2024\/02\/021524_Giovanna_48_RT-copy-683x1024.jpg 683w, https:\/\/lalgbtcenter.org\/app\/uploads\/2024\/02\/021524_Giovanna_48_RT-copy-200x300.jpg 200w, https:\/\/lalgbtcenter.org\/app\/uploads\/2024\/02\/021524_Giovanna_48_RT-copy-768x1152.jpg 768w, https:\/\/lalgbtcenter.org\/app\/uploads\/2024\/02\/021524_Giovanna_48_RT-copy-1024x1536.jpg 1024w, https:\/\/lalgbtcenter.org\/app\/uploads\/2024\/02\/021524_Giovanna_48_RT-copy-1365x2048.jpg 1365w, https:\/\/lalgbtcenter.org\/app\/uploads\/2024\/02\/021524_Giovanna_48_RT-copy-1x1.jpg 1w, https:\/\/lalgbtcenter.org\/app\/uploads\/2024\/02\/021524_Giovanna_48_RT-copy-230x345.jpg 230w, https:\/\/lalgbtcenter.org\/app\/uploads\/2024\/02\/021524_Giovanna_48_RT-copy-550x825.jpg 550w, https:\/\/lalgbtcenter.org\/app\/uploads\/2024\/02\/021524_Giovanna_48_RT-copy-900x1350.jpg 900w, https:\/\/lalgbtcenter.org\/app\/uploads\/2024\/02\/021524_Giovanna_48_RT-copy-1130x1695.jpg 1130w, https:\/\/lalgbtcenter.org\/app\/uploads\/2024\/02\/021524_Giovanna_48_RT-copy-1280x1920.jpg 1280w, https:\/\/lalgbtcenter.org\/app\/uploads\/2024\/02\/021524_Giovanna_48_RT-copy-1460x2190.jpg 1460w, https:\/\/lalgbtcenter.org\/app\/uploads\/2024\/02\/021524_Giovanna_48_RT-copy-scaled.jpg 1707w\" sizes=\"(max-width: 683px) 100vw, 683px\" \/><figcaption class=\"wp-element-caption\">Fotos de Zev Rose Woolley<\/figcaption><\/figure>\n\n\n<section class=\"w-full my-48 md:my-64\">\n  \n<div class=\"relative\">\n  <h2 class=\"!pl-0 !heading-md mb-16 md:mb-24\">Seguir leyendo<\/h2>\n  <div class=\"grid grid-cols-1 md:grid-cols-2 gap-26 md:gap-32\">\n          \n<a href=\"https:\/\/lalgbtcenter.org\/es\/vanguard\/pequeno-pero-poderoso-el-mi-centro-de-eastside-se-perfila-como-una-ventanilla-unica-para-los-refugiados-lgbtq\/\" class=\"!no-underline h-full\">\n  <div class=\"bg-white rounded-10 p-12 pb-10 md:pb-14 h-full transition-shadow hover:shadow-lightPurple\">\n          \n<picture  class=\"w-full aspect-video object-cover\">\n  <source media='(min-width: 834px)' srcset='https:\/\/lalgbtcenter.org\/app\/uploads\/2024\/02\/El-Sabor-de-Mi-Centro-1024x683.jpeg 1024w, https:\/\/lalgbtcenter.org\/app\/uploads\/2024\/02\/El-Sabor-de-Mi-Centro-300x200.jpeg 300w, https:\/\/lalgbtcenter.org\/app\/uploads\/2024\/02\/El-Sabor-de-Mi-Centro-768x512.jpeg 768w, https:\/\/lalgbtcenter.org\/app\/uploads\/2024\/02\/El-Sabor-de-Mi-Centro-1536x1024.jpeg 1536w, https:\/\/lalgbtcenter.org\/app\/uploads\/2024\/02\/El-Sabor-de-Mi-Centro-2048x1365.jpeg 2048w, https:\/\/lalgbtcenter.org\/app\/uploads\/2024\/02\/El-Sabor-de-Mi-Centro-1x1.jpeg 1w, https:\/\/lalgbtcenter.org\/app\/uploads\/2024\/02\/El-Sabor-de-Mi-Centro-230x153.jpeg 230w, https:\/\/lalgbtcenter.org\/app\/uploads\/2024\/02\/El-Sabor-de-Mi-Centro-550x367.jpeg 550w, https:\/\/lalgbtcenter.org\/app\/uploads\/2024\/02\/El-Sabor-de-Mi-Centro-900x600.jpeg 900w, https:\/\/lalgbtcenter.org\/app\/uploads\/2024\/02\/El-Sabor-de-Mi-Centro-1130x753.jpeg 1130w, https:\/\/lalgbtcenter.org\/app\/uploads\/2024\/02\/El-Sabor-de-Mi-Centro-1280x853.jpeg 1280w, https:\/\/lalgbtcenter.org\/app\/uploads\/2024\/02\/El-Sabor-de-Mi-Centro-1460x973.jpeg 1460w' sizes='40vw'>\n  <source media='(max-width: 834px)' srcset='https:\/\/lalgbtcenter.org\/app\/uploads\/2024\/02\/El-Sabor-de-Mi-Centro-1024x683.jpeg 1024w, https:\/\/lalgbtcenter.org\/app\/uploads\/2024\/02\/El-Sabor-de-Mi-Centro-300x200.jpeg 300w, https:\/\/lalgbtcenter.org\/app\/uploads\/2024\/02\/El-Sabor-de-Mi-Centro-768x512.jpeg 768w, https:\/\/lalgbtcenter.org\/app\/uploads\/2024\/02\/El-Sabor-de-Mi-Centro-1536x1024.jpeg 1536w, https:\/\/lalgbtcenter.org\/app\/uploads\/2024\/02\/El-Sabor-de-Mi-Centro-2048x1365.jpeg 2048w, https:\/\/lalgbtcenter.org\/app\/uploads\/2024\/02\/El-Sabor-de-Mi-Centro-1x1.jpeg 1w, https:\/\/lalgbtcenter.org\/app\/uploads\/2024\/02\/El-Sabor-de-Mi-Centro-230x153.jpeg 230w, https:\/\/lalgbtcenter.org\/app\/uploads\/2024\/02\/El-Sabor-de-Mi-Centro-550x367.jpeg 550w, https:\/\/lalgbtcenter.org\/app\/uploads\/2024\/02\/El-Sabor-de-Mi-Centro-900x600.jpeg 900w, https:\/\/lalgbtcenter.org\/app\/uploads\/2024\/02\/El-Sabor-de-Mi-Centro-1130x753.jpeg 1130w, https:\/\/lalgbtcenter.org\/app\/uploads\/2024\/02\/El-Sabor-de-Mi-Centro-1280x853.jpeg 1280w, https:\/\/lalgbtcenter.org\/app\/uploads\/2024\/02\/El-Sabor-de-Mi-Centro-1460x973.jpeg 1460w' sizes='83vw'>\n  <img class=\"w-full h-full object-cover w-full !h-auto aspect-video rounded-10\" src='https:\/\/lalgbtcenter.org\/app\/uploads\/2024\/02\/El-Sabor-de-Mi-Centro-1024x683.jpeg' alt='' loading='lazy' \/>\n<\/picture>        <div class=\"w-full gap-4 pt-16\">\n      <p class=\"pl-16 body-legal inline-block text-black\/60\"><\/p>\n      <h3 class=\"!pl-16 !mt-0 !heading-xs\">&quot;Peque\u00f1o pero poderoso&quot;: El Mi Centro de Eastside se perfila como una ventanilla \u00fanica para los refugiados LGBTQ+.<\/h3>\n    <\/div>\n  <\/div>\n<\/a>          \n<a href=\"https:\/\/lalgbtcenter.org\/es\/vanguard\/somos-inmensos-y-abundantes-gina-bigham-organizadora-del-orgullo-trans-de-los-angeles-recuerda-una-decada-de-acontecimientos-destacados-y-el-mayor-orgullo-trans-hasta-la-fecha\/\" class=\"!no-underline h-full\">\n  <div class=\"bg-white rounded-10 p-12 pb-10 md:pb-14 h-full transition-shadow hover:shadow-lightPurple\">\n          \n<picture  class=\"w-full aspect-video object-cover\">\n  <source media='(min-width: 834px)' srcset='https:\/\/lalgbtcenter.org\/app\/uploads\/2023\/06\/Gina-Bigham-Zooey-Zephyr-Trans-Pride-LA-2023-1024x689.jpg 1024w, https:\/\/lalgbtcenter.org\/app\/uploads\/2023\/06\/Gina-Bigham-Zooey-Zephyr-Trans-Pride-LA-2023-300x202.jpg 300w, https:\/\/lalgbtcenter.org\/app\/uploads\/2023\/06\/Gina-Bigham-Zooey-Zephyr-Trans-Pride-LA-2023-768x517.jpg 768w, https:\/\/lalgbtcenter.org\/app\/uploads\/2023\/06\/Gina-Bigham-Zooey-Zephyr-Trans-Pride-LA-2023-1536x1034.jpg 1536w, https:\/\/lalgbtcenter.org\/app\/uploads\/2023\/06\/Gina-Bigham-Zooey-Zephyr-Trans-Pride-LA-2023-2048x1378.jpg 2048w, https:\/\/lalgbtcenter.org\/app\/uploads\/2023\/06\/Gina-Bigham-Zooey-Zephyr-Trans-Pride-LA-2023-1x1.jpg 1w, https:\/\/lalgbtcenter.org\/app\/uploads\/2023\/06\/Gina-Bigham-Zooey-Zephyr-Trans-Pride-LA-2023-230x155.jpg 230w, https:\/\/lalgbtcenter.org\/app\/uploads\/2023\/06\/Gina-Bigham-Zooey-Zephyr-Trans-Pride-LA-2023-550x370.jpg 550w, https:\/\/lalgbtcenter.org\/app\/uploads\/2023\/06\/Gina-Bigham-Zooey-Zephyr-Trans-Pride-LA-2023-900x606.jpg 900w, https:\/\/lalgbtcenter.org\/app\/uploads\/2023\/06\/Gina-Bigham-Zooey-Zephyr-Trans-Pride-LA-2023-1130x760.jpg 1130w, https:\/\/lalgbtcenter.org\/app\/uploads\/2023\/06\/Gina-Bigham-Zooey-Zephyr-Trans-Pride-LA-2023-1280x861.jpg 1280w, https:\/\/lalgbtcenter.org\/app\/uploads\/2023\/06\/Gina-Bigham-Zooey-Zephyr-Trans-Pride-LA-2023-1460x982.jpg 1460w' sizes='40vw'>\n  <source media='(max-width: 834px)' srcset='https:\/\/lalgbtcenter.org\/app\/uploads\/2023\/06\/Gina-Bigham-Zooey-Zephyr-Trans-Pride-LA-2023-1024x689.jpg 1024w, https:\/\/lalgbtcenter.org\/app\/uploads\/2023\/06\/Gina-Bigham-Zooey-Zephyr-Trans-Pride-LA-2023-300x202.jpg 300w, https:\/\/lalgbtcenter.org\/app\/uploads\/2023\/06\/Gina-Bigham-Zooey-Zephyr-Trans-Pride-LA-2023-768x517.jpg 768w, https:\/\/lalgbtcenter.org\/app\/uploads\/2023\/06\/Gina-Bigham-Zooey-Zephyr-Trans-Pride-LA-2023-1536x1034.jpg 1536w, https:\/\/lalgbtcenter.org\/app\/uploads\/2023\/06\/Gina-Bigham-Zooey-Zephyr-Trans-Pride-LA-2023-2048x1378.jpg 2048w, https:\/\/lalgbtcenter.org\/app\/uploads\/2023\/06\/Gina-Bigham-Zooey-Zephyr-Trans-Pride-LA-2023-1x1.jpg 1w, https:\/\/lalgbtcenter.org\/app\/uploads\/2023\/06\/Gina-Bigham-Zooey-Zephyr-Trans-Pride-LA-2023-230x155.jpg 230w, https:\/\/lalgbtcenter.org\/app\/uploads\/2023\/06\/Gina-Bigham-Zooey-Zephyr-Trans-Pride-LA-2023-550x370.jpg 550w, https:\/\/lalgbtcenter.org\/app\/uploads\/2023\/06\/Gina-Bigham-Zooey-Zephyr-Trans-Pride-LA-2023-900x606.jpg 900w, https:\/\/lalgbtcenter.org\/app\/uploads\/2023\/06\/Gina-Bigham-Zooey-Zephyr-Trans-Pride-LA-2023-1130x760.jpg 1130w, https:\/\/lalgbtcenter.org\/app\/uploads\/2023\/06\/Gina-Bigham-Zooey-Zephyr-Trans-Pride-LA-2023-1280x861.jpg 1280w, https:\/\/lalgbtcenter.org\/app\/uploads\/2023\/06\/Gina-Bigham-Zooey-Zephyr-Trans-Pride-LA-2023-1460x982.jpg 1460w' sizes='83vw'>\n  <img class=\"w-full h-full object-cover w-full !h-auto aspect-video rounded-10\" src='https:\/\/lalgbtcenter.org\/app\/uploads\/2023\/06\/Gina-Bigham-Zooey-Zephyr-Trans-Pride-LA-2023-1024x689.jpg' alt='' loading='lazy' \/>\n<\/picture>        <div class=\"w-full gap-4 pt-16\">\n      <p class=\"pl-16 body-legal inline-block text-black\/60\"><\/p>\n      <h3 class=\"!pl-16 !mt-0 !heading-xs\">&quot;Somos inmensos y abundantes&quot;: Gina Bigham, organizadora del Orgullo Trans de Los \u00c1ngeles, recuerda una d\u00e9cada de acontecimientos destacados y el mayor Orgullo Trans hasta la fecha.<\/h3>\n    <\/div>\n  <\/div>\n<\/a>          \n<a href=\"https:\/\/lalgbtcenter.org\/es\/vanguard\/como-los-angeles-se-ha-convertido-en-el-nuevo-objetivo-de-la-guerra-contra-la-educacion-lgbtq\/\" class=\"!no-underline h-full\">\n  <div class=\"bg-white rounded-10 p-12 pb-10 md:pb-14 h-full transition-shadow hover:shadow-lightPurple\">\n          \n<picture  class=\"w-full aspect-video object-cover\">\n  <source media='(min-width: 834px)' srcset='https:\/\/lalgbtcenter.org\/app\/uploads\/2023\/09\/060423_WeHoPride_036-1024x683.jpg 1024w, https:\/\/lalgbtcenter.org\/app\/uploads\/2023\/09\/060423_WeHoPride_036-300x200.jpg 300w, https:\/\/lalgbtcenter.org\/app\/uploads\/2023\/09\/060423_WeHoPride_036-768x512.jpg 768w, https:\/\/lalgbtcenter.org\/app\/uploads\/2023\/09\/060423_WeHoPride_036-1536x1024.jpg 1536w, https:\/\/lalgbtcenter.org\/app\/uploads\/2023\/09\/060423_WeHoPride_036-2048x1365.jpg 2048w, https:\/\/lalgbtcenter.org\/app\/uploads\/2023\/09\/060423_WeHoPride_036-1x1.jpg 1w, https:\/\/lalgbtcenter.org\/app\/uploads\/2023\/09\/060423_WeHoPride_036-230x153.jpg 230w, https:\/\/lalgbtcenter.org\/app\/uploads\/2023\/09\/060423_WeHoPride_036-550x367.jpg 550w, https:\/\/lalgbtcenter.org\/app\/uploads\/2023\/09\/060423_WeHoPride_036-900x600.jpg 900w, https:\/\/lalgbtcenter.org\/app\/uploads\/2023\/09\/060423_WeHoPride_036-1130x753.jpg 1130w, https:\/\/lalgbtcenter.org\/app\/uploads\/2023\/09\/060423_WeHoPride_036-1280x853.jpg 1280w, https:\/\/lalgbtcenter.org\/app\/uploads\/2023\/09\/060423_WeHoPride_036-1460x973.jpg 1460w' sizes='40vw'>\n  <source media='(max-width: 834px)' srcset='https:\/\/lalgbtcenter.org\/app\/uploads\/2023\/09\/060423_WeHoPride_036-1024x683.jpg 1024w, https:\/\/lalgbtcenter.org\/app\/uploads\/2023\/09\/060423_WeHoPride_036-300x200.jpg 300w, https:\/\/lalgbtcenter.org\/app\/uploads\/2023\/09\/060423_WeHoPride_036-768x512.jpg 768w, https:\/\/lalgbtcenter.org\/app\/uploads\/2023\/09\/060423_WeHoPride_036-1536x1024.jpg 1536w, https:\/\/lalgbtcenter.org\/app\/uploads\/2023\/09\/060423_WeHoPride_036-2048x1365.jpg 2048w, https:\/\/lalgbtcenter.org\/app\/uploads\/2023\/09\/060423_WeHoPride_036-1x1.jpg 1w, https:\/\/lalgbtcenter.org\/app\/uploads\/2023\/09\/060423_WeHoPride_036-230x153.jpg 230w, https:\/\/lalgbtcenter.org\/app\/uploads\/2023\/09\/060423_WeHoPride_036-550x367.jpg 550w, https:\/\/lalgbtcenter.org\/app\/uploads\/2023\/09\/060423_WeHoPride_036-900x600.jpg 900w, https:\/\/lalgbtcenter.org\/app\/uploads\/2023\/09\/060423_WeHoPride_036-1130x753.jpg 1130w, https:\/\/lalgbtcenter.org\/app\/uploads\/2023\/09\/060423_WeHoPride_036-1280x853.jpg 1280w, https:\/\/lalgbtcenter.org\/app\/uploads\/2023\/09\/060423_WeHoPride_036-1460x973.jpg 1460w' sizes='83vw'>\n  <img class=\"w-full h-full object-cover w-full !h-auto aspect-video rounded-10\" src='https:\/\/lalgbtcenter.org\/app\/uploads\/2023\/09\/060423_WeHoPride_036-1024x683.jpg' alt='' loading='lazy' \/>\n<\/picture>        <div class=\"w-full gap-4 pt-16\">\n      <p class=\"pl-16 body-legal inline-block text-black\/60\"><\/p>\n      <h3 class=\"!pl-16 !mt-0 !heading-xs\">C\u00f3mo Los \u00c1ngeles se ha convertido en el nuevo objetivo de la guerra contra la educaci\u00f3n LGBTQ<\/h3>\n    <\/div>\n  <\/div>\n<\/a>          \n<a href=\"https:\/\/lalgbtcenter.org\/es\/vanguard\/nuestras-vidas-importan-nuestros-mayores-alzan-la-voz-en-el-dia-de-sensibilizacion-sobre-el-vih-sida-en-la-poblacion-negra\/\" class=\"!no-underline h-full\">\n  <div class=\"bg-white rounded-10 p-12 pb-10 md:pb-14 h-full transition-shadow hover:shadow-lightPurple\">\n          \n<picture  class=\"w-full aspect-video object-cover\">\n  <source media='(min-width: 834px)' srcset='https:\/\/lalgbtcenter.org\/app\/uploads\/2024\/02\/National-Black-HIVAIDS-Awareness-Day-1024x807.jpg 1024w, https:\/\/lalgbtcenter.org\/app\/uploads\/2024\/02\/National-Black-HIVAIDS-Awareness-Day-300x237.jpg 300w, https:\/\/lalgbtcenter.org\/app\/uploads\/2024\/02\/National-Black-HIVAIDS-Awareness-Day-768x606.jpg 768w, https:\/\/lalgbtcenter.org\/app\/uploads\/2024\/02\/National-Black-HIVAIDS-Awareness-Day-1536x1211.jpg 1536w, https:\/\/lalgbtcenter.org\/app\/uploads\/2024\/02\/National-Black-HIVAIDS-Awareness-Day-2048x1615.jpg 2048w, https:\/\/lalgbtcenter.org\/app\/uploads\/2024\/02\/National-Black-HIVAIDS-Awareness-Day-1x1.jpg 1w, https:\/\/lalgbtcenter.org\/app\/uploads\/2024\/02\/National-Black-HIVAIDS-Awareness-Day-230x181.jpg 230w, https:\/\/lalgbtcenter.org\/app\/uploads\/2024\/02\/National-Black-HIVAIDS-Awareness-Day-550x434.jpg 550w, https:\/\/lalgbtcenter.org\/app\/uploads\/2024\/02\/National-Black-HIVAIDS-Awareness-Day-900x710.jpg 900w, https:\/\/lalgbtcenter.org\/app\/uploads\/2024\/02\/National-Black-HIVAIDS-Awareness-Day-1130x891.jpg 1130w, https:\/\/lalgbtcenter.org\/app\/uploads\/2024\/02\/National-Black-HIVAIDS-Awareness-Day-1280x1009.jpg 1280w, https:\/\/lalgbtcenter.org\/app\/uploads\/2024\/02\/National-Black-HIVAIDS-Awareness-Day-1460x1151.jpg 1460w' sizes='40vw'>\n  <source media='(max-width: 834px)' srcset='https:\/\/lalgbtcenter.org\/app\/uploads\/2024\/02\/National-Black-HIVAIDS-Awareness-Day-1024x807.jpg 1024w, https:\/\/lalgbtcenter.org\/app\/uploads\/2024\/02\/National-Black-HIVAIDS-Awareness-Day-300x237.jpg 300w, https:\/\/lalgbtcenter.org\/app\/uploads\/2024\/02\/National-Black-HIVAIDS-Awareness-Day-768x606.jpg 768w, https:\/\/lalgbtcenter.org\/app\/uploads\/2024\/02\/National-Black-HIVAIDS-Awareness-Day-1536x1211.jpg 1536w, https:\/\/lalgbtcenter.org\/app\/uploads\/2024\/02\/National-Black-HIVAIDS-Awareness-Day-2048x1615.jpg 2048w, https:\/\/lalgbtcenter.org\/app\/uploads\/2024\/02\/National-Black-HIVAIDS-Awareness-Day-1x1.jpg 1w, https:\/\/lalgbtcenter.org\/app\/uploads\/2024\/02\/National-Black-HIVAIDS-Awareness-Day-230x181.jpg 230w, https:\/\/lalgbtcenter.org\/app\/uploads\/2024\/02\/National-Black-HIVAIDS-Awareness-Day-550x434.jpg 550w, https:\/\/lalgbtcenter.org\/app\/uploads\/2024\/02\/National-Black-HIVAIDS-Awareness-Day-900x710.jpg 900w, https:\/\/lalgbtcenter.org\/app\/uploads\/2024\/02\/National-Black-HIVAIDS-Awareness-Day-1130x891.jpg 1130w, https:\/\/lalgbtcenter.org\/app\/uploads\/2024\/02\/National-Black-HIVAIDS-Awareness-Day-1280x1009.jpg 1280w, https:\/\/lalgbtcenter.org\/app\/uploads\/2024\/02\/National-Black-HIVAIDS-Awareness-Day-1460x1151.jpg 1460w' sizes='83vw'>\n  <img class=\"w-full h-full object-cover w-full !h-auto aspect-video rounded-10\" src='https:\/\/lalgbtcenter.org\/app\/uploads\/2024\/02\/National-Black-HIVAIDS-Awareness-Day-1024x807.jpg' alt='' loading='lazy' \/>\n<\/picture>        <div class=\"w-full gap-4 pt-16\">\n      <p class=\"pl-16 body-legal inline-block text-black\/60\"><\/p>\n      <h3 class=\"!pl-16 !mt-0 !heading-xs\">&quot;Nuestras vidas importan&quot;: Nuestros mayores alzan la voz en el D\u00eda de sensibilizaci\u00f3n sobre el VIH\/sida en la poblaci\u00f3n negra<\/h3>\n    <\/div>\n  <\/div>\n<\/a>      <\/div>\n<\/div><\/section>","protected":false},"excerpt":{"rendered":"<p>La Directora de Equidad del Centro habla sobre el Mes de la Historia Negra, sus inspiraciones y la pr\u00f3xima pel\u00edcula Highly Favored.<\/p>\n","protected":false},"author":23,"featured_media":22081,"comment_status":"closed","ping_status":"closed","sticky":false,"template":"","format":"standard","meta":{"footnotes":""},"categories":[130],"tags":[],"class_list":["post-22181","post","type-post","status-publish","format-standard","has-post-thumbnail","hentry","category-historias-del-centro"],"metadata":{"_encloseme":["1"],"_sbi_oembed_done_checking":["1"],"_yoast_wpseo_primary_category":["64"],"_top_nav_excluded":[""],"_cms_nav_minihome":[""],"_yoast_wpseo_metadesc":["La Directora de Equidad del Centro habla sobre el Mes de la Historia Negra, sus inspiraciones y la pr\u00f3xima pel\u00edcula Highly Favored."],"_thumbnail_id":["22081"],"_last_translation_edit_mode":["translation-editor"],"_wpml_word_count":["{\"total\":1469,\"to_translate\":{\"en\":1469}}"]},"acf":[],"yoast_head":"<!-- This site is optimized with the Yoast SEO plugin v20.13 - https:\/\/yoast.com\/wordpress\/plugins\/seo\/ -->\n<title>Giovanna Fischer, Directora General de Equidad, habla de crear el cambio a trav\u00e9s de la imaginaci\u00f3n - Los Angeles LGBT Center<\/title>\n<meta name=\"description\" content=\"La Directora de Equidad del Centro habla sobre el Mes de la Historia Negra, sus inspiraciones y la pr\u00f3xima pel\u00edcula Highly Favored.\" \/>\n<meta name=\"robots\" content=\"index, follow, max-snippet:-1, max-image-preview:large, max-video-preview:-1\" \/>\n<link rel=\"canonical\" href=\"https:\/\/lalgbtcenter.org\/es\/vanguard\/giovanna-fischer-directora-general-de-equidad-habla-de-crear-el-cambio-a-traves-de-la-imaginacion\/\" \/>\n<meta property=\"og:locale\" content=\"es_ES\" \/>\n<meta property=\"og:type\" content=\"article\" \/>\n<meta property=\"og:title\" content=\"Giovanna Fischer, Directora General de Equidad, habla de crear el cambio a trav\u00e9s de la imaginaci\u00f3n - Los Angeles LGBT Center\" \/>\n<meta property=\"og:description\" content=\"La Directora de Equidad del Centro habla sobre el Mes de la Historia Negra, sus inspiraciones y la pr\u00f3xima pel\u00edcula Highly Favored.\" \/>\n<meta property=\"og:url\" content=\"https:\/\/lalgbtcenter.org\/es\/vanguard\/giovanna-fischer-directora-general-de-equidad-habla-de-crear-el-cambio-a-traves-de-la-imaginacion\/\" \/>\n<meta property=\"og:site_name\" content=\"Los Angeles LGBT Center\" \/>\n<meta property=\"article:published_time\" content=\"2024-02-24T16:00:00+00:00\" \/>\n<meta property=\"article:modified_time\" content=\"2024-04-10T10:51:42+00:00\" \/>\n<meta property=\"og:image\" content=\"https:\/\/lalgbtcenter.org\/app\/uploads\/2024\/02\/021524_Giovanna_19_RT-copy-scaled.jpg\" \/>\n\t<meta property=\"og:image:width\" content=\"2560\" \/>\n\t<meta property=\"og:image:height\" content=\"1707\" \/>\n\t<meta property=\"og:image:type\" content=\"image\/jpeg\" \/>\n<meta name=\"author\" content=\"Reid Nakamura\" \/>\n<meta name=\"twitter:card\" content=\"summary_large_image\" \/>\n<meta name=\"twitter:label1\" content=\"Written by\" \/>\n\t<meta name=\"twitter:data1\" content=\"Reid Nakamura\" \/>\n\t<meta name=\"twitter:label2\" content=\"Est. reading time\" \/>\n\t<meta name=\"twitter:data2\" content=\"7 minutes\" \/>\n<script type=\"application\/ld+json\" class=\"yoast-schema-graph\">{\"@context\":\"https:\/\/schema.org\",\"@graph\":[{\"@type\":\"WebPage\",\"@id\":\"https:\/\/lalgbtcenter.org\/es\/vanguard\/giovanna-fischer-directora-general-de-equidad-habla-de-crear-el-cambio-a-traves-de-la-imaginacion\/\",\"url\":\"https:\/\/lalgbtcenter.org\/es\/vanguard\/giovanna-fischer-directora-general-de-equidad-habla-de-crear-el-cambio-a-traves-de-la-imaginacion\/\",\"name\":\"Giovanna Fischer, Directora General de Equidad, habla de crear el cambio a trav\u00e9s de la imaginaci\u00f3n - Los Angeles LGBT Center\",\"isPartOf\":{\"@id\":\"https:\/\/dev-lalgbtcenter.pantheonsite.io\/#website\"},\"datePublished\":\"2024-02-24T16:00:00+00:00\",\"dateModified\":\"2024-04-10T10:51:42+00:00\",\"author\":{\"@id\":\"https:\/\/dev-lalgbtcenter.pantheonsite.io\/#\/schema\/person\/cc5d461e9e6226c4ef2fb8d5531a8a8c\"},\"description\":\"La Directora de Equidad del Centro habla sobre el Mes de la Historia Negra, sus inspiraciones y la pr\u00f3xima pel\u00edcula Highly Favored.\",\"inLanguage\":\"es-ES\",\"potentialAction\":[{\"@type\":\"ReadAction\",\"target\":[\"https:\/\/lalgbtcenter.org\/es\/vanguard\/giovanna-fischer-directora-general-de-equidad-habla-de-crear-el-cambio-a-traves-de-la-imaginacion\/\"]}]},{\"@type\":\"WebSite\",\"@id\":\"https:\/\/dev-lalgbtcenter.pantheonsite.io\/#website\",\"url\":\"https:\/\/dev-lalgbtcenter.pantheonsite.io\/\",\"name\":\"Los Angeles LGBT Center\",\"description\":\"\",\"potentialAction\":[{\"@type\":\"SearchAction\",\"target\":{\"@type\":\"EntryPoint\",\"urlTemplate\":\"https:\/\/dev-lalgbtcenter.pantheonsite.io\/?s={search_term_string}\"},\"query-input\":\"required name=search_term_string\"}],\"inLanguage\":\"es-ES\"},{\"@type\":\"Person\",\"@id\":\"https:\/\/dev-lalgbtcenter.pantheonsite.io\/#\/schema\/person\/cc5d461e9e6226c4ef2fb8d5531a8a8c\",\"name\":\"Reid Nakamura\",\"image\":{\"@type\":\"ImageObject\",\"inLanguage\":\"es-ES\",\"@id\":\"https:\/\/dev-lalgbtcenter.pantheonsite.io\/#\/schema\/person\/image\/\",\"url\":\"https:\/\/secure.gravatar.com\/avatar\/c7d3b2791aad4bee3aa85fdd1177d44c?s=96&d=mm&r=g\",\"contentUrl\":\"https:\/\/secure.gravatar.com\/avatar\/c7d3b2791aad4bee3aa85fdd1177d44c?s=96&d=mm&r=g\",\"caption\":\"Reid Nakamura\"},\"url\":\"https:\/\/lalgbtcenter.org\/es\/vanguard\/author\/rnakamura\/\"}]}<\/script>\n<!-- \/ Yoast SEO plugin. -->","yoast_head_json":{"title":"Giovanna Fischer, Directora General de Equidad, habla de crear el cambio a trav\u00e9s de la imaginaci\u00f3n - Los Angeles LGBT Center","description":"La Directora de Equidad del Centro habla sobre el Mes de la Historia Negra, sus inspiraciones y la pr\u00f3xima pel\u00edcula Highly Favored.","robots":{"index":"index","follow":"follow","max-snippet":"max-snippet:-1","max-image-preview":"max-image-preview:large","max-video-preview":"max-video-preview:-1"},"canonical":"https:\/\/lalgbtcenter.org\/es\/vanguard\/giovanna-fischer-directora-general-de-equidad-habla-de-crear-el-cambio-a-traves-de-la-imaginacion\/","og_locale":"es_ES","og_type":"article","og_title":"Giovanna Fischer, Directora General de Equidad, habla de crear el cambio a trav\u00e9s de la imaginaci\u00f3n - Los Angeles LGBT Center","og_description":"La Directora de Equidad del Centro habla sobre el Mes de la Historia Negra, sus inspiraciones y la pr\u00f3xima pel\u00edcula Highly Favored.","og_url":"https:\/\/lalgbtcenter.org\/es\/vanguard\/giovanna-fischer-directora-general-de-equidad-habla-de-crear-el-cambio-a-traves-de-la-imaginacion\/","og_site_name":"Los Angeles LGBT Center","article_published_time":"2024-02-24T16:00:00+00:00","article_modified_time":"2024-04-10T10:51:42+00:00","og_image":[{"width":2560,"height":1707,"url":"https:\/\/lalgbtcenter.org\/app\/uploads\/2024\/02\/021524_Giovanna_19_RT-copy-scaled.jpg","type":"image\/jpeg"}],"author":"Reid Nakamura","twitter_card":"summary_large_image","twitter_misc":{"Written by":"Reid Nakamura","Est. reading time":"7 minutes"},"schema":{"@context":"https:\/\/schema.org","@graph":[{"@type":"WebPage","@id":"https:\/\/lalgbtcenter.org\/es\/vanguard\/giovanna-fischer-directora-general-de-equidad-habla-de-crear-el-cambio-a-traves-de-la-imaginacion\/","url":"https:\/\/lalgbtcenter.org\/es\/vanguard\/giovanna-fischer-directora-general-de-equidad-habla-de-crear-el-cambio-a-traves-de-la-imaginacion\/","name":"Giovanna Fischer, Directora General de Equidad, habla de crear el cambio a trav\u00e9s de la imaginaci\u00f3n - Los Angeles LGBT Center","isPartOf":{"@id":"https:\/\/dev-lalgbtcenter.pantheonsite.io\/#website"},"datePublished":"2024-02-24T16:00:00+00:00","dateModified":"2024-04-10T10:51:42+00:00","author":{"@id":"https:\/\/dev-lalgbtcenter.pantheonsite.io\/#\/schema\/person\/cc5d461e9e6226c4ef2fb8d5531a8a8c"},"description":"La Directora de Equidad del Centro habla sobre el Mes de la Historia Negra, sus inspiraciones y la pr\u00f3xima pel\u00edcula Highly Favored.","inLanguage":"es-ES","potentialAction":[{"@type":"ReadAction","target":["https:\/\/lalgbtcenter.org\/es\/vanguard\/giovanna-fischer-directora-general-de-equidad-habla-de-crear-el-cambio-a-traves-de-la-imaginacion\/"]}]},{"@type":"WebSite","@id":"https:\/\/dev-lalgbtcenter.pantheonsite.io\/#website","url":"https:\/\/dev-lalgbtcenter.pantheonsite.io\/","name":"Los Angeles LGBT Center","description":"","potentialAction":[{"@type":"SearchAction","target":{"@type":"EntryPoint","urlTemplate":"https:\/\/dev-lalgbtcenter.pantheonsite.io\/?s={search_term_string}"},"query-input":"required name=search_term_string"}],"inLanguage":"es-ES"},{"@type":"Person","@id":"https:\/\/dev-lalgbtcenter.pantheonsite.io\/#\/schema\/person\/cc5d461e9e6226c4ef2fb8d5531a8a8c","name":"Reid Nakamura","image":{"@type":"ImageObject","inLanguage":"es-ES","@id":"https:\/\/dev-lalgbtcenter.pantheonsite.io\/#\/schema\/person\/image\/","url":"https:\/\/secure.gravatar.com\/avatar\/c7d3b2791aad4bee3aa85fdd1177d44c?s=96&d=mm&r=g","contentUrl":"https:\/\/secure.gravatar.com\/avatar\/c7d3b2791aad4bee3aa85fdd1177d44c?s=96&d=mm&r=g","caption":"Reid Nakamura"},"url":"https:\/\/lalgbtcenter.org\/es\/vanguard\/author\/rnakamura\/"}]}},"_links":{"self":[{"href":"https:\/\/lalgbtcenter.org\/es\/wp-json\/wp\/v2\/posts\/22181"}],"collection":[{"href":"https:\/\/lalgbtcenter.org\/es\/wp-json\/wp\/v2\/posts"}],"about":[{"href":"https:\/\/lalgbtcenter.org\/es\/wp-json\/wp\/v2\/types\/post"}],"author":[{"embeddable":true,"href":"https:\/\/lalgbtcenter.org\/es\/wp-json\/wp\/v2\/users\/23"}],"replies":[{"embeddable":true,"href":"https:\/\/lalgbtcenter.org\/es\/wp-json\/wp\/v2\/comments?post=22181"}],"version-history":[{"count":1,"href":"https:\/\/lalgbtcenter.org\/es\/wp-json\/wp\/v2\/posts\/22181\/revisions"}],"predecessor-version":[{"id":22195,"href":"https:\/\/lalgbtcenter.org\/es\/wp-json\/wp\/v2\/posts\/22181\/revisions\/22195"}],"wp:featuredmedia":[{"embeddable":true,"href":"https:\/\/lalgbtcenter.org\/es\/wp-json\/wp\/v2\/media\/22081"}],"wp:attachment":[{"href":"https:\/\/lalgbtcenter.org\/es\/wp-json\/wp\/v2\/media?parent=22181"}],"wp:term":[{"taxonomy":"category","embeddable":true,"href":"https:\/\/lalgbtcenter.org\/es\/wp-json\/wp\/v2\/categories?post=22181"},{"taxonomy":"post_tag","embeddable":true,"href":"https:\/\/lalgbtcenter.org\/es\/wp-json\/wp\/v2\/tags?post=22181"}],"curies":[{"name":"wp","href":"https:\/\/api.w.org\/{rel}","templated":true}]}}